{"id":575,"date":"2025-10-04T22:22:09","date_gmt":"2025-10-04T20:22:09","guid":{"rendered":"https:\/\/parafia-karczmiska.pl\/?p=575"},"modified":"2025-10-04T22:22:10","modified_gmt":"2025-10-04T20:22:10","slug":"ogloszenia-parafialne-05-10-2025r","status":"publish","type":"post","link":"https:\/\/parafia-karczmiska.pl\/?p=575","title":{"rendered":"Og\u0142oszenia parafialne 05.10.2025r."},"content":{"rendered":"\n<ol class=\"wp-block-list\">\n<li>Obchodzimy dzi\u015b XXVII niedziel\u0119 zwyk\u0142\u0105.<\/li>\n\n\n\n<li><strong>Dzi\u015b po mszy o 10.00 spotkanie z przygotowuj\u0105cymi si\u0119 do pierwszej komunii \u015bw., po sumie spotkanie z kandydatami do bierzmowania i ich rodzicami. <\/strong><\/li>\n\n\n\n<li><strong>Nabo\u017ce\u0144stwa r\u00f3\u017ca\u0144cowe po mszy \u015bw. o 17.00, w niedziel\u0119 po sumie.<\/strong><\/li>\n\n\n\n<li><strong>W przysz\u0142\u0105 niedziel\u0119 zbi\u00f3rka do puszek na Fundusz Papieski. Podczas sumy liturgi\u0119 u\u015bwietni swoim \u015bpiewem KGW z Karczmisk. Zapraszamy do wsp\u00f3lnego \u015bpiewu ulubionych przez papie\u017ca piosenek.<\/strong><\/li>\n\n\n\n<li>Zach\u0119cam do czytania prasy katolickiej: Niedzieli i Go\u015bcia Niedzielnego. Jest te\u017c dodatek do Go\u015bcia. W zakrystii s\u0105 do nabycia kalendarze Maryjne na 2026 rok w cenie 15z\u0142.<\/li>\n\n\n\n<li>Pom\u00f3dlmy si\u0119 za zmar\u0142ych kt\u00f3rych w rocznic\u0119 \u015bmierci wspominamy w tym tygodniu. Wieczny odpoczynek\u2026.<\/li>\n<\/ol>\n","protected":false},"excerpt":{"rendered":"","protected":false},"author":2,"featured_media":48,"comment_status":"closed","ping_status":"closed","sticky":false,"template":"","format":"standard","meta":{"footnotes":""},"categories":[3],"tags":[],"class_list":{"0":"entry","1":"post","2":"publish","3":"author-admin-2","4":"post-575","6":"format-standard","7":"has-post-thumbnail","8":"category-ogloszenia"},"yoast_head":"<!-- This site is optimized with the Yoast SEO plugin v27.1.1 - https:\/\/yoast.com\/product\/yoast-seo-wordpress\/ -->\n<title>Og\u0142oszenia parafialne 05.10.2025r. - Parafia \u015bw. Wawrzy\u0144ca w Karczmiskach<\/title>\n<meta name=\"robots\" content=\"index, follow, max-snippet:-1, max-image-preview:large, max-video-preview:-1\" \/>\n<link rel=\"canonical\" href=\"https:\/\/parafia-karczmiska.pl\/?p=575\" \/>\n<meta property=\"og:locale\" content=\"pl_PL\" \/>\n<meta property=\"og:type\" content=\"article\" \/>\n<meta property=\"og:title\" content=\"Og\u0142oszenia parafialne 05.10.2025r. - Parafia \u015bw. Wawrzy\u0144ca w Karczmiskach\" \/>\n<meta property=\"og:url\" content=\"https:\/\/parafia-karczmiska.pl\/?p=575\" \/>\n<meta property=\"og:site_name\" content=\"Parafia \u015bw. Wawrzy\u0144ca w Karczmiskach\" \/>\n<meta property=\"article:published_time\" content=\"2025-10-04T20:22:09+00:00\" \/>\n<meta property=\"article:modified_time\" content=\"2025-10-04T20:22:10+00:00\" \/>\n<meta property=\"og:image\" content=\"https:\/\/parafia-karczmiska.pl\/wp-content\/uploads\/2022\/11\/images.jpg\" \/>\n\t<meta property=\"og:image:width\" content=\"261\" \/>\n\t<meta property=\"og:image:height\" content=\"193\" \/>\n\t<meta property=\"og:image:type\" content=\"image\/jpeg\" \/>\n<meta name=\"author\" content=\"Proboszcz\" \/>\n<meta name=\"twitter:card\" content=\"summary_large_image\" \/>\n<meta name=\"twitter:label1\" content=\"Napisane przez\" \/>\n\t<meta name=\"twitter:data1\" content=\"Proboszcz\" \/>\n\t<meta name=\"twitter:label2\" content=\"Szacowany czas czytania\" \/>\n\t<meta name=\"twitter:data2\" content=\"1 minuta\" \/>\n<script type=\"application\/ld+json\" class=\"yoast-schema-graph\">{\"@context\":\"https:\/\/schema.org\",\"@graph\":[{\"@type\":\"Article\",\"@id\":\"https:\/\/parafia-karczmiska.pl\/?p=575#article\",\"isPartOf\":{\"@id\":\"https:\/\/parafia-karczmiska.pl\/?p=575\"},\"author\":{\"name\":\"Proboszcz\",\"@id\":\"https:\/\/parafia-karczmiska.pl\/#\/schema\/person\/0b15832fd643f3dac186fbf0411146ad\"},\"headline\":\"Og\u0142oszenia parafialne 05.10.2025r.\",\"datePublished\":\"2025-10-04T20:22:09+00:00\",\"dateModified\":\"2025-10-04T20:22:10+00:00\",\"mainEntityOfPage\":{\"@id\":\"https:\/\/parafia-karczmiska.pl\/?p=575\"},\"wordCount\":122,\"publisher\":{\"@id\":\"https:\/\/parafia-karczmiska.pl\/#organization\"},\"image\":{\"@id\":\"https:\/\/parafia-karczmiska.pl\/?p=575#primaryimage\"},\"thumbnailUrl\":\"https:\/\/parafia-karczmiska.pl\/wp-content\/uploads\/2022\/11\/images.jpg\",\"articleSection\":[\"Og\u0142oszenia\"],\"inLanguage\":\"pl-PL\"},{\"@type\":\"WebPage\",\"@id\":\"https:\/\/parafia-karczmiska.pl\/?p=575\",\"url\":\"https:\/\/parafia-karczmiska.pl\/?p=575\",\"name\":\"Og\u0142oszenia parafialne 05.10.2025r. - Parafia \u015bw. Wawrzy\u0144ca w Karczmiskach\",\"isPartOf\":{\"@id\":\"https:\/\/parafia-karczmiska.pl\/#website\"},\"primaryImageOfPage\":{\"@id\":\"https:\/\/parafia-karczmiska.pl\/?p=575#primaryimage\"},\"image\":{\"@id\":\"https:\/\/parafia-karczmiska.pl\/?p=575#primaryimage\"},\"thumbnailUrl\":\"https:\/\/parafia-karczmiska.pl\/wp-content\/uploads\/2022\/11\/images.jpg\",\"datePublished\":\"2025-10-04T20:22:09+00:00\",\"dateModified\":\"2025-10-04T20:22:10+00:00\",\"breadcrumb\":{\"@id\":\"https:\/\/parafia-karczmiska.pl\/?p=575#breadcrumb\"},\"inLanguage\":\"pl-PL\",\"potentialAction\":[{\"@type\":\"ReadAction\",\"target\":[\"https:\/\/parafia-karczmiska.pl\/?p=575\"]}]},{\"@type\":\"ImageObject\",\"inLanguage\":\"pl-PL\",\"@id\":\"https:\/\/parafia-karczmiska.pl\/?p=575#primaryimage\",\"url\":\"https:\/\/parafia-karczmiska.pl\/wp-content\/uploads\/2022\/11\/images.jpg\",\"contentUrl\":\"https:\/\/parafia-karczmiska.pl\/wp-content\/uploads\/2022\/11\/images.jpg\",\"width\":261,\"height\":193},{\"@type\":\"BreadcrumbList\",\"@id\":\"https:\/\/parafia-karczmiska.pl\/?p=575#breadcrumb\",\"itemListElement\":[{\"@type\":\"ListItem\",\"position\":1,\"name\":\"Strona g\u0142\u00f3wna\",\"item\":\"https:\/\/parafia-karczmiska.pl\/\"},{\"@type\":\"ListItem\",\"position\":2,\"name\":\"Og\u0142oszenia parafialne 05.10.2025r.\"}]},{\"@type\":\"WebSite\",\"@id\":\"https:\/\/parafia-karczmiska.pl\/#website\",\"url\":\"https:\/\/parafia-karczmiska.pl\/\",\"name\":\"Parafia \u015bw. Wawrzy\u0144ca w Karczmiskach\",\"description\":\"Strona Parafii w Karczmiskach\",\"publisher\":{\"@id\":\"https:\/\/parafia-karczmiska.pl\/#organization\"},\"potentialAction\":[{\"@type\":\"SearchAction\",\"target\":{\"@type\":\"EntryPoint\",\"urlTemplate\":\"https:\/\/parafia-karczmiska.pl\/?s={search_term_string}\"},\"query-input\":{\"@type\":\"PropertyValueSpecification\",\"valueRequired\":true,\"valueName\":\"search_term_string\"}}],\"inLanguage\":\"pl-PL\"},{\"@type\":\"Organization\",\"@id\":\"https:\/\/parafia-karczmiska.pl\/#organization\",\"name\":\"Parafia \u015bw. Wawrzy\u0144ca w Karczmiskach\",\"url\":\"https:\/\/parafia-karczmiska.pl\/\",\"logo\":{\"@type\":\"ImageObject\",\"inLanguage\":\"pl-PL\",\"@id\":\"https:\/\/parafia-karczmiska.pl\/#\/schema\/logo\/image\/\",\"url\":\"https:\/\/parafia-karczmiska.pl\/wp-content\/uploads\/2022\/11\/favicon.jpg\",\"contentUrl\":\"https:\/\/parafia-karczmiska.pl\/wp-content\/uploads\/2022\/11\/favicon.jpg\",\"width\":512,\"height\":512,\"caption\":\"Parafia \u015bw. Wawrzy\u0144ca w Karczmiskach\"},\"image\":{\"@id\":\"https:\/\/parafia-karczmiska.pl\/#\/schema\/logo\/image\/\"}},{\"@type\":\"Person\",\"@id\":\"https:\/\/parafia-karczmiska.pl\/#\/schema\/person\/0b15832fd643f3dac186fbf0411146ad\",\"name\":\"Proboszcz\",\"sameAs\":[\"http:\/\/parafia-karczmiska.pl\"],\"url\":\"https:\/\/parafia-karczmiska.pl\/?author=2\"}]}<\/script>\n<!-- \/ Yoast SEO plugin. -->","yoast_head_json":{"title":"Og\u0142oszenia parafialne 05.10.2025r. - Parafia \u015bw. Wawrzy\u0144ca w Karczmiskach","robots":{"index":"index","follow":"follow","max-snippet":"max-snippet:-1","max-image-preview":"max-image-preview:large","max-video-preview":"max-video-preview:-1"},"canonical":"https:\/\/parafia-karczmiska.pl\/?p=575","og_locale":"pl_PL","og_type":"article","og_title":"Og\u0142oszenia parafialne 05.10.2025r. - Parafia \u015bw. Wawrzy\u0144ca w Karczmiskach","og_url":"https:\/\/parafia-karczmiska.pl\/?p=575","og_site_name":"Parafia \u015bw. Wawrzy\u0144ca w Karczmiskach","article_published_time":"2025-10-04T20:22:09+00:00","article_modified_time":"2025-10-04T20:22:10+00:00","og_image":[{"width":261,"height":193,"url":"https:\/\/parafia-karczmiska.pl\/wp-content\/uploads\/2022\/11\/images.jpg","type":"image\/jpeg"}],"author":"Proboszcz","twitter_card":"summary_large_image","twitter_misc":{"Napisane przez":"Proboszcz","Szacowany czas czytania":"1 minuta"},"schema":{"@context":"https:\/\/schema.org","@graph":[{"@type":"Article","@id":"https:\/\/parafia-karczmiska.pl\/?p=575#article","isPartOf":{"@id":"https:\/\/parafia-karczmiska.pl\/?p=575"},"author":{"name":"Proboszcz","@id":"https:\/\/parafia-karczmiska.pl\/#\/schema\/person\/0b15832fd643f3dac186fbf0411146ad"},"headline":"Og\u0142oszenia parafialne 05.10.2025r.","datePublished":"2025-10-04T20:22:09+00:00","dateModified":"2025-10-04T20:22:10+00:00","mainEntityOfPage":{"@id":"https:\/\/parafia-karczmiska.pl\/?p=575"},"wordCount":122,"publisher":{"@id":"https:\/\/parafia-karczmiska.pl\/#organization"},"image":{"@id":"https:\/\/parafia-karczmiska.pl\/?p=575#primaryimage"},"thumbnailUrl":"https:\/\/parafia-karczmiska.pl\/wp-content\/uploads\/2022\/11\/images.jpg","articleSection":["Og\u0142oszenia"],"inLanguage":"pl-PL"},{"@type":"WebPage","@id":"https:\/\/parafia-karczmiska.pl\/?p=575","url":"https:\/\/parafia-karczmiska.pl\/?p=575","name":"Og\u0142oszenia parafialne 05.10.2025r. - Parafia \u015bw. Wawrzy\u0144ca w Karczmiskach","isPartOf":{"@id":"https:\/\/parafia-karczmiska.pl\/#website"},"primaryImageOfPage":{"@id":"https:\/\/parafia-karczmiska.pl\/?p=575#primaryimage"},"image":{"@id":"https:\/\/parafia-karczmiska.pl\/?p=575#primaryimage"},"thumbnailUrl":"https:\/\/parafia-karczmiska.pl\/wp-content\/uploads\/2022\/11\/images.jpg","datePublished":"2025-10-04T20:22:09+00:00","dateModified":"2025-10-04T20:22:10+00:00","breadcrumb":{"@id":"https:\/\/parafia-karczmiska.pl\/?p=575#breadcrumb"},"inLanguage":"pl-PL","potentialAction":[{"@type":"ReadAction","target":["https:\/\/parafia-karczmiska.pl\/?p=575"]}]},{"@type":"ImageObject","inLanguage":"pl-PL","@id":"https:\/\/parafia-karczmiska.pl\/?p=575#primaryimage","url":"https:\/\/parafia-karczmiska.pl\/wp-content\/uploads\/2022\/11\/images.jpg","contentUrl":"https:\/\/parafia-karczmiska.pl\/wp-content\/uploads\/2022\/11\/images.jpg","width":261,"height":193},{"@type":"BreadcrumbList","@id":"https:\/\/parafia-karczmiska.pl\/?p=575#breadcrumb","itemListElement":[{"@type":"ListItem","position":1,"name":"Strona g\u0142\u00f3wna","item":"https:\/\/parafia-karczmiska.pl\/"},{"@type":"ListItem","position":2,"name":"Og\u0142oszenia parafialne 05.10.2025r."}]},{"@type":"WebSite","@id":"https:\/\/parafia-karczmiska.pl\/#website","url":"https:\/\/parafia-karczmiska.pl\/","name":"Parafia \u015bw. Wawrzy\u0144ca w Karczmiskach","description":"Strona Parafii w Karczmiskach","publisher":{"@id":"https:\/\/parafia-karczmiska.pl\/#organization"},"potentialAction":[{"@type":"SearchAction","target":{"@type":"EntryPoint","urlTemplate":"https:\/\/parafia-karczmiska.pl\/?s={search_term_string}"},"query-input":{"@type":"PropertyValueSpecification","valueRequired":true,"valueName":"search_term_string"}}],"inLanguage":"pl-PL"},{"@type":"Organization","@id":"https:\/\/parafia-karczmiska.pl\/#organization","name":"Parafia \u015bw. Wawrzy\u0144ca w Karczmiskach","url":"https:\/\/parafia-karczmiska.pl\/","logo":{"@type":"ImageObject","inLanguage":"pl-PL","@id":"https:\/\/parafia-karczmiska.pl\/#\/schema\/logo\/image\/","url":"https:\/\/parafia-karczmiska.pl\/wp-content\/uploads\/2022\/11\/favicon.jpg","contentUrl":"https:\/\/parafia-karczmiska.pl\/wp-content\/uploads\/2022\/11\/favicon.jpg","width":512,"height":512,"caption":"Parafia \u015bw. Wawrzy\u0144ca w Karczmiskach"},"image":{"@id":"https:\/\/parafia-karczmiska.pl\/#\/schema\/logo\/image\/"}},{"@type":"Person","@id":"https:\/\/parafia-karczmiska.pl\/#\/schema\/person\/0b15832fd643f3dac186fbf0411146ad","name":"Proboszcz","sameAs":["http:\/\/parafia-karczmiska.pl"],"url":"https:\/\/parafia-karczmiska.pl\/?author=2"}]}},"_links":{"self":[{"href":"https:\/\/parafia-karczmiska.pl\/index.php?rest_route=\/wp\/v2\/posts\/575","targetHints":{"allow":["GET"]}}],"collection":[{"href":"https:\/\/parafia-karczmiska.pl\/index.php?rest_route=\/wp\/v2\/posts"}],"about":[{"href":"https:\/\/parafia-karczmiska.pl\/index.php?rest_route=\/wp\/v2\/types\/post"}],"author":[{"embeddable":true,"href":"https:\/\/parafia-karczmiska.pl\/index.php?rest_route=\/wp\/v2\/users\/2"}],"replies":[{"embeddable":true,"href":"https:\/\/parafia-karczmiska.pl\/index.php?rest_route=%2Fwp%2Fv2%2Fcomments&post=575"}],"version-history":[{"count":1,"href":"https:\/\/parafia-karczmiska.pl\/index.php?rest_route=\/wp\/v2\/posts\/575\/revisions"}],"predecessor-version":[{"id":576,"href":"https:\/\/parafia-karczmiska.pl\/index.php?rest_route=\/wp\/v2\/posts\/575\/revisions\/576"}],"wp:featuredmedia":[{"embeddable":true,"href":"https:\/\/parafia-karczmiska.pl\/index.php?rest_route=\/wp\/v2\/media\/48"}],"wp:attachment":[{"href":"https:\/\/parafia-karczmiska.pl\/index.php?rest_route=%2Fwp%2Fv2%2Fmedia&parent=575"}],"wp:term":[{"taxonomy":"category","embeddable":true,"href":"https:\/\/parafia-karczmiska.pl\/index.php?rest_route=%2Fwp%2Fv2%2Fcategories&post=575"},{"taxonomy":"post_tag","embeddable":true,"href":"https:\/\/parafia-karczmiska.pl\/index.php?rest_route=%2Fwp%2Fv2%2Ftags&post=575"}],"curies":[{"name":"wp","href":"https:\/\/api.w.org\/{rel}","templated":true}]}}