{"id":438,"date":"2024-09-27T15:01:31","date_gmt":"2024-09-27T13:01:31","guid":{"rendered":"https:\/\/parafia-karczmiska.pl\/?p=438"},"modified":"2024-09-27T15:01:33","modified_gmt":"2024-09-27T13:01:33","slug":"postepowanie-zakupowe-na-wykonanie-zamowienia-pod-nazwa-rewitalizacja-zabytkowego-kosciola-p-w-sw-wawrzynca-w-karczmiskach","status":"publish","type":"post","link":"https:\/\/parafia-karczmiska.pl\/?p=438","title":{"rendered":"Post\u0119powanie zakupowe na wykonanie zam\u00f3wienia pod nazw\u0105: &#8222;Rewitalizacja zabytkowego ko\u015bcio\u0142a p.w. \u015aw. Wawrzy\u0144ca w Karczmiskach&#8221;"},"content":{"rendered":"\n<p><a href=\"https:\/\/spopolelubelskie.bip.lubelskie.pl\/?id=82&amp;action=details&amp;document_id=2075787\">https:\/\/spopolelubelskie.bip.lubelskie.pl\/?id=82&amp;action=details&amp;document_id=2075787<\/a><\/p>\n","protected":false},"excerpt":{"rendered":"<p>https:\/\/spopolelubelskie.bip.lubelskie.pl\/?id=82&amp;action=details&amp;document_id=2075787<\/p>\n","protected":false},"author":2,"featured_media":0,"comment_status":"closed","ping_status":"closed","sticky":false,"template":"","format":"standard","meta":{"footnotes":""},"categories":[4],"tags":[],"class_list":{"0":"entry","1":"post","2":"publish","3":"author-admin-2","4":"post-438","6":"format-standard","7":"category-informacje"},"yoast_head":"<!-- This site is optimized with the Yoast SEO plugin v27.1.1 - https:\/\/yoast.com\/product\/yoast-seo-wordpress\/ -->\n<title>Post\u0119powanie zakupowe na wykonanie zam\u00f3wienia pod nazw\u0105: &quot;Rewitalizacja zabytkowego ko\u015bcio\u0142a p.w. \u015aw. Wawrzy\u0144ca w Karczmiskach&quot; - Parafia \u015bw. Wawrzy\u0144ca w Karczmiskach<\/title>\n<meta name=\"robots\" content=\"index, follow, max-snippet:-1, max-image-preview:large, max-video-preview:-1\" \/>\n<link rel=\"canonical\" href=\"https:\/\/parafia-karczmiska.pl\/?p=438\" \/>\n<meta property=\"og:locale\" content=\"pl_PL\" \/>\n<meta property=\"og:type\" content=\"article\" \/>\n<meta property=\"og:title\" content=\"Post\u0119powanie zakupowe na wykonanie zam\u00f3wienia pod nazw\u0105: &quot;Rewitalizacja zabytkowego ko\u015bcio\u0142a p.w. \u015aw. Wawrzy\u0144ca w Karczmiskach&quot; - Parafia \u015bw. Wawrzy\u0144ca w Karczmiskach\" \/>\n<meta property=\"og:description\" content=\"https:\/\/spopolelubelskie.bip.lubelskie.pl\/?id=82&amp;action=details&amp;document_id=2075787\" \/>\n<meta property=\"og:url\" content=\"https:\/\/parafia-karczmiska.pl\/?p=438\" \/>\n<meta property=\"og:site_name\" content=\"Parafia \u015bw. Wawrzy\u0144ca w Karczmiskach\" \/>\n<meta property=\"article:published_time\" content=\"2024-09-27T13:01:31+00:00\" \/>\n<meta property=\"article:modified_time\" content=\"2024-09-27T13:01:33+00:00\" \/>\n<meta name=\"author\" content=\"Proboszcz\" \/>\n<meta name=\"twitter:card\" content=\"summary_large_image\" \/>\n<meta name=\"twitter:label1\" content=\"Napisane przez\" \/>\n\t<meta name=\"twitter:data1\" content=\"Proboszcz\" \/>\n\t<meta name=\"twitter:label2\" content=\"Szacowany czas czytania\" \/>\n\t<meta name=\"twitter:data2\" content=\"1 minuta\" \/>\n<script type=\"application\/ld+json\" class=\"yoast-schema-graph\">{\"@context\":\"https:\/\/schema.org\",\"@graph\":[{\"@type\":\"Article\",\"@id\":\"https:\/\/parafia-karczmiska.pl\/?p=438#article\",\"isPartOf\":{\"@id\":\"https:\/\/parafia-karczmiska.pl\/?p=438\"},\"author\":{\"name\":\"Proboszcz\",\"@id\":\"https:\/\/parafia-karczmiska.pl\/#\/schema\/person\/0b15832fd643f3dac186fbf0411146ad\"},\"headline\":\"Post\u0119powanie zakupowe na wykonanie zam\u00f3wienia pod nazw\u0105: &#8222;Rewitalizacja zabytkowego ko\u015bcio\u0142a p.w. \u015aw. Wawrzy\u0144ca w Karczmiskach&#8221;\",\"datePublished\":\"2024-09-27T13:01:31+00:00\",\"dateModified\":\"2024-09-27T13:01:33+00:00\",\"mainEntityOfPage\":{\"@id\":\"https:\/\/parafia-karczmiska.pl\/?p=438\"},\"wordCount\":33,\"publisher\":{\"@id\":\"https:\/\/parafia-karczmiska.pl\/#organization\"},\"articleSection\":[\"Informacje\"],\"inLanguage\":\"pl-PL\"},{\"@type\":\"WebPage\",\"@id\":\"https:\/\/parafia-karczmiska.pl\/?p=438\",\"url\":\"https:\/\/parafia-karczmiska.pl\/?p=438\",\"name\":\"Post\u0119powanie zakupowe na wykonanie zam\u00f3wienia pod nazw\u0105: \\\"Rewitalizacja zabytkowego ko\u015bcio\u0142a p.w. \u015aw. Wawrzy\u0144ca w Karczmiskach\\\" - Parafia \u015bw. Wawrzy\u0144ca w Karczmiskach\",\"isPartOf\":{\"@id\":\"https:\/\/parafia-karczmiska.pl\/#website\"},\"datePublished\":\"2024-09-27T13:01:31+00:00\",\"dateModified\":\"2024-09-27T13:01:33+00:00\",\"breadcrumb\":{\"@id\":\"https:\/\/parafia-karczmiska.pl\/?p=438#breadcrumb\"},\"inLanguage\":\"pl-PL\",\"potentialAction\":[{\"@type\":\"ReadAction\",\"target\":[\"https:\/\/parafia-karczmiska.pl\/?p=438\"]}]},{\"@type\":\"BreadcrumbList\",\"@id\":\"https:\/\/parafia-karczmiska.pl\/?p=438#breadcrumb\",\"itemListElement\":[{\"@type\":\"ListItem\",\"position\":1,\"name\":\"Strona g\u0142\u00f3wna\",\"item\":\"https:\/\/parafia-karczmiska.pl\/\"},{\"@type\":\"ListItem\",\"position\":2,\"name\":\"Post\u0119powanie zakupowe na wykonanie zam\u00f3wienia pod nazw\u0105: &#8222;Rewitalizacja zabytkowego ko\u015bcio\u0142a p.w. \u015aw. Wawrzy\u0144ca w Karczmiskach&#8221;\"}]},{\"@type\":\"WebSite\",\"@id\":\"https:\/\/parafia-karczmiska.pl\/#website\",\"url\":\"https:\/\/parafia-karczmiska.pl\/\",\"name\":\"Parafia \u015bw. Wawrzy\u0144ca w Karczmiskach\",\"description\":\"Strona Parafii w Karczmiskach\",\"publisher\":{\"@id\":\"https:\/\/parafia-karczmiska.pl\/#organization\"},\"potentialAction\":[{\"@type\":\"SearchAction\",\"target\":{\"@type\":\"EntryPoint\",\"urlTemplate\":\"https:\/\/parafia-karczmiska.pl\/?s={search_term_string}\"},\"query-input\":{\"@type\":\"PropertyValueSpecification\",\"valueRequired\":true,\"valueName\":\"search_term_string\"}}],\"inLanguage\":\"pl-PL\"},{\"@type\":\"Organization\",\"@id\":\"https:\/\/parafia-karczmiska.pl\/#organization\",\"name\":\"Parafia \u015bw. Wawrzy\u0144ca w Karczmiskach\",\"url\":\"https:\/\/parafia-karczmiska.pl\/\",\"logo\":{\"@type\":\"ImageObject\",\"inLanguage\":\"pl-PL\",\"@id\":\"https:\/\/parafia-karczmiska.pl\/#\/schema\/logo\/image\/\",\"url\":\"https:\/\/parafia-karczmiska.pl\/wp-content\/uploads\/2022\/11\/favicon.jpg\",\"contentUrl\":\"https:\/\/parafia-karczmiska.pl\/wp-content\/uploads\/2022\/11\/favicon.jpg\",\"width\":512,\"height\":512,\"caption\":\"Parafia \u015bw. Wawrzy\u0144ca w Karczmiskach\"},\"image\":{\"@id\":\"https:\/\/parafia-karczmiska.pl\/#\/schema\/logo\/image\/\"}},{\"@type\":\"Person\",\"@id\":\"https:\/\/parafia-karczmiska.pl\/#\/schema\/person\/0b15832fd643f3dac186fbf0411146ad\",\"name\":\"Proboszcz\",\"sameAs\":[\"http:\/\/parafia-karczmiska.pl\"],\"url\":\"https:\/\/parafia-karczmiska.pl\/?author=2\"}]}<\/script>\n<!-- \/ Yoast SEO plugin. -->","yoast_head_json":{"title":"Post\u0119powanie zakupowe na wykonanie zam\u00f3wienia pod nazw\u0105: \"Rewitalizacja zabytkowego ko\u015bcio\u0142a p.w. \u015aw. Wawrzy\u0144ca w Karczmiskach\" - Parafia \u015bw. Wawrzy\u0144ca w Karczmiskach","robots":{"index":"index","follow":"follow","max-snippet":"max-snippet:-1","max-image-preview":"max-image-preview:large","max-video-preview":"max-video-preview:-1"},"canonical":"https:\/\/parafia-karczmiska.pl\/?p=438","og_locale":"pl_PL","og_type":"article","og_title":"Post\u0119powanie zakupowe na wykonanie zam\u00f3wienia pod nazw\u0105: \"Rewitalizacja zabytkowego ko\u015bcio\u0142a p.w. \u015aw. Wawrzy\u0144ca w Karczmiskach\" - Parafia \u015bw. Wawrzy\u0144ca w Karczmiskach","og_description":"https:\/\/spopolelubelskie.bip.lubelskie.pl\/?id=82&amp;action=details&amp;document_id=2075787","og_url":"https:\/\/parafia-karczmiska.pl\/?p=438","og_site_name":"Parafia \u015bw. Wawrzy\u0144ca w Karczmiskach","article_published_time":"2024-09-27T13:01:31+00:00","article_modified_time":"2024-09-27T13:01:33+00:00","author":"Proboszcz","twitter_card":"summary_large_image","twitter_misc":{"Napisane przez":"Proboszcz","Szacowany czas czytania":"1 minuta"},"schema":{"@context":"https:\/\/schema.org","@graph":[{"@type":"Article","@id":"https:\/\/parafia-karczmiska.pl\/?p=438#article","isPartOf":{"@id":"https:\/\/parafia-karczmiska.pl\/?p=438"},"author":{"name":"Proboszcz","@id":"https:\/\/parafia-karczmiska.pl\/#\/schema\/person\/0b15832fd643f3dac186fbf0411146ad"},"headline":"Post\u0119powanie zakupowe na wykonanie zam\u00f3wienia pod nazw\u0105: &#8222;Rewitalizacja zabytkowego ko\u015bcio\u0142a p.w. \u015aw. Wawrzy\u0144ca w Karczmiskach&#8221;","datePublished":"2024-09-27T13:01:31+00:00","dateModified":"2024-09-27T13:01:33+00:00","mainEntityOfPage":{"@id":"https:\/\/parafia-karczmiska.pl\/?p=438"},"wordCount":33,"publisher":{"@id":"https:\/\/parafia-karczmiska.pl\/#organization"},"articleSection":["Informacje"],"inLanguage":"pl-PL"},{"@type":"WebPage","@id":"https:\/\/parafia-karczmiska.pl\/?p=438","url":"https:\/\/parafia-karczmiska.pl\/?p=438","name":"Post\u0119powanie zakupowe na wykonanie zam\u00f3wienia pod nazw\u0105: \"Rewitalizacja zabytkowego ko\u015bcio\u0142a p.w. \u015aw. Wawrzy\u0144ca w Karczmiskach\" - Parafia \u015bw. Wawrzy\u0144ca w Karczmiskach","isPartOf":{"@id":"https:\/\/parafia-karczmiska.pl\/#website"},"datePublished":"2024-09-27T13:01:31+00:00","dateModified":"2024-09-27T13:01:33+00:00","breadcrumb":{"@id":"https:\/\/parafia-karczmiska.pl\/?p=438#breadcrumb"},"inLanguage":"pl-PL","potentialAction":[{"@type":"ReadAction","target":["https:\/\/parafia-karczmiska.pl\/?p=438"]}]},{"@type":"BreadcrumbList","@id":"https:\/\/parafia-karczmiska.pl\/?p=438#breadcrumb","itemListElement":[{"@type":"ListItem","position":1,"name":"Strona g\u0142\u00f3wna","item":"https:\/\/parafia-karczmiska.pl\/"},{"@type":"ListItem","position":2,"name":"Post\u0119powanie zakupowe na wykonanie zam\u00f3wienia pod nazw\u0105: &#8222;Rewitalizacja zabytkowego ko\u015bcio\u0142a p.w. \u015aw. Wawrzy\u0144ca w Karczmiskach&#8221;"}]},{"@type":"WebSite","@id":"https:\/\/parafia-karczmiska.pl\/#website","url":"https:\/\/parafia-karczmiska.pl\/","name":"Parafia \u015bw. Wawrzy\u0144ca w Karczmiskach","description":"Strona Parafii w Karczmiskach","publisher":{"@id":"https:\/\/parafia-karczmiska.pl\/#organization"},"potentialAction":[{"@type":"SearchAction","target":{"@type":"EntryPoint","urlTemplate":"https:\/\/parafia-karczmiska.pl\/?s={search_term_string}"},"query-input":{"@type":"PropertyValueSpecification","valueRequired":true,"valueName":"search_term_string"}}],"inLanguage":"pl-PL"},{"@type":"Organization","@id":"https:\/\/parafia-karczmiska.pl\/#organization","name":"Parafia \u015bw. Wawrzy\u0144ca w Karczmiskach","url":"https:\/\/parafia-karczmiska.pl\/","logo":{"@type":"ImageObject","inLanguage":"pl-PL","@id":"https:\/\/parafia-karczmiska.pl\/#\/schema\/logo\/image\/","url":"https:\/\/parafia-karczmiska.pl\/wp-content\/uploads\/2022\/11\/favicon.jpg","contentUrl":"https:\/\/parafia-karczmiska.pl\/wp-content\/uploads\/2022\/11\/favicon.jpg","width":512,"height":512,"caption":"Parafia \u015bw. Wawrzy\u0144ca w Karczmiskach"},"image":{"@id":"https:\/\/parafia-karczmiska.pl\/#\/schema\/logo\/image\/"}},{"@type":"Person","@id":"https:\/\/parafia-karczmiska.pl\/#\/schema\/person\/0b15832fd643f3dac186fbf0411146ad","name":"Proboszcz","sameAs":["http:\/\/parafia-karczmiska.pl"],"url":"https:\/\/parafia-karczmiska.pl\/?author=2"}]}},"_links":{"self":[{"href":"https:\/\/parafia-karczmiska.pl\/index.php?rest_route=\/wp\/v2\/posts\/438","targetHints":{"allow":["GET"]}}],"collection":[{"href":"https:\/\/parafia-karczmiska.pl\/index.php?rest_route=\/wp\/v2\/posts"}],"about":[{"href":"https:\/\/parafia-karczmiska.pl\/index.php?rest_route=\/wp\/v2\/types\/post"}],"author":[{"embeddable":true,"href":"https:\/\/parafia-karczmiska.pl\/index.php?rest_route=\/wp\/v2\/users\/2"}],"replies":[{"embeddable":true,"href":"https:\/\/parafia-karczmiska.pl\/index.php?rest_route=%2Fwp%2Fv2%2Fcomments&post=438"}],"version-history":[{"count":1,"href":"https:\/\/parafia-karczmiska.pl\/index.php?rest_route=\/wp\/v2\/posts\/438\/revisions"}],"predecessor-version":[{"id":439,"href":"https:\/\/parafia-karczmiska.pl\/index.php?rest_route=\/wp\/v2\/posts\/438\/revisions\/439"}],"wp:attachment":[{"href":"https:\/\/parafia-karczmiska.pl\/index.php?rest_route=%2Fwp%2Fv2%2Fmedia&parent=438"}],"wp:term":[{"taxonomy":"category","embeddable":true,"href":"https:\/\/parafia-karczmiska.pl\/index.php?rest_route=%2Fwp%2Fv2%2Fcategories&post=438"},{"taxonomy":"post_tag","embeddable":true,"href":"https:\/\/parafia-karczmiska.pl\/index.php?rest_route=%2Fwp%2Fv2%2Ftags&post=438"}],"curies":[{"name":"wp","href":"https:\/\/api.w.org\/{rel}","templated":true}]}}