{"id":410,"date":"2024-07-27T18:32:47","date_gmt":"2024-07-27T16:32:47","guid":{"rendered":"https:\/\/parafia-karczmiska.pl\/?p=410"},"modified":"2024-07-27T18:32:48","modified_gmt":"2024-07-27T16:32:48","slug":"ogloszenia-parafialne-28-07-2024r","status":"publish","type":"post","link":"https:\/\/parafia-karczmiska.pl\/?p=410","title":{"rendered":"Og\u0142oszenia parafialne 28.07.2024r."},"content":{"rendered":"\n<ol class=\"wp-block-list\">\n<li>Prze\u017cywamy dzi\u015b 17 niedziel\u0119 zwyk\u0142\u0105<\/li>\n\n\n\n<li>Dzi\u015b z racji wspomnienia \u015bw. Krzysztofa po ka\u017cdej mszy \u015bw. po\u015bwi\u0119cenie pojazd\u00f3w.\u00a0 Ofiary przeznaczone s\u0105 na MIVA Polska<\/li>\n\n\n\n<li>Raz jeszcze chc\u0119 podzi\u0119kowa\u0107 wszystkim zaanga\u017cowanym w nasz festyn rodzinny: Radzie parafialnej, panu Jackowi Nowaczkowi, sponsorom p. Ewie i Stanis\u0142awowi Paw\u0142owskim, Prezesowi FIX Forum Lider Lublin, staro\u015bcie Opolskiemu za bilety na kolejk\u0119 w\u0105skotorow\u0105. osobom prywatnym, druhom stra\u017cakom za udzia\u0142 w procesji, a p\u00f3\u017aniej w festynie. Druhom z II za cz\u0119\u015b\u0107 kulinarn\u0105, z I za zabaw\u0119 w pianie, przywiezienie sto\u0142\u00f3w i \u0142awek z GOK-u, dru\u017cynie m\u0142odzie\u017cowej za pomoc, panu Grzegorzowi Cyganowi za wspania\u0142\u0105 groch\u00f3wk\u0119, paniom z KGW z Karczmisk za wyst\u0119p na scenie razem z panami ze stra\u017cy, za s\u0142odki st\u00f3\u0142, za czuwanie by go\u015bciom niczego nie zabrak\u0142o, pani Zofii Krawczyk za ma\u0142osolne, paniom z Pierogarni, wszystkim kt\u00f3rzy przynie\u015bli ciasto, pani Joannie Nowaczek za chleb, panu Adamowi Gazda za soki i jab\u0142ka, dyrekcji i nauczycielom ze \u017c\u0142obka za dmuchawca( drugi od stra\u017cak\u00f3w) i za ciasto, zespo\u0142owi Vocal za opraw\u0119 muzyczn\u0105 w ko\u015bciele i koncert na festynie. Pani Agnieszce Ciekot za patronat medialny. Wszystkim uczestnicz\u0105cym w procesji. W\u0142a\u015bcicielom gospodarstwa ,,Dom w szczerym polu\u201d za kwiaty na wystr\u00f3j ko\u015bcio\u0142a. Go\u015bciom z r\u00f3\u017cnych stron Polski za obecno\u015b\u0107. A szczeg\u00f3lnie pani w\u00f3jt gminy Karczmiska Alicji Be\u0142cik za obecno\u015b\u0107 od pocz\u0105tku do ko\u0144ca naszego rodzinnego spotkania. To dla nas wa\u017cny znak \u017ce jako gmina i parafia mo\u017cemy stanowi\u0107 jedn\u0105 rodzin\u0119. Dzi\u0119kuj\u0119 wszystkim uczestnikom, to dzi\u0119ki Wam nasz festyn m\u00f3g\u0142 si\u0119 odby\u0107 w takim kszta\u0142cie i na tak\u0105 skal\u0119.<\/li>\n\n\n\n<li>Jak mo\u017cemy us\u0142ysze\u0107 nast\u0105pi\u0142a w naszym ko\u015bciele wymiana nag\u0142o\u015bnienia, wzmacniaczy i g\u0142o\u015bnik\u00f3w na zewn\u0105trz ko\u015bcio\u0142a. Czekaj\u0105 nas zmiany g\u0142o\u015bnik\u00f3w i mikrofon\u00f3w w ko\u015bciele.<\/li>\n\n\n\n<li>Zapowiedzi: \u0141ukasz Czarnota i Magdalena Przybylska oboje z Karczmisk oraz Piotr Ciesielski z G\u0142uska Du\u017cego i Dorota Kowalczyk z Karczmisk zapowied\u017a I<\/li>\n\n\n\n<li>Zach\u0119cam do czytania prasy katolickiej: Niedzieli i Go\u015bcia Niedzielnego.<\/li>\n\n\n\n<li>Pom\u00f3dlmy si\u0119 za zmar\u0142ych, kt\u00f3rych rocznice \u015bmierci obchodzimy w\u00a0 tym tygodniu. W ich intencji: wieczny odpoczynek.<\/li>\n<\/ol>\n","protected":false},"excerpt":{"rendered":"","protected":false},"author":2,"featured_media":48,"comment_status":"closed","ping_status":"closed","sticky":false,"template":"","format":"standard","meta":{"footnotes":""},"categories":[3],"tags":[],"class_list":{"0":"entry","1":"post","2":"publish","3":"author-admin-2","4":"post-410","6":"format-standard","7":"has-post-thumbnail","8":"category-ogloszenia"},"yoast_head":"<!-- This site is optimized with the Yoast SEO plugin v27.1.1 - https:\/\/yoast.com\/product\/yoast-seo-wordpress\/ -->\n<title>Og\u0142oszenia parafialne 28.07.2024r. - Parafia \u015bw. Wawrzy\u0144ca w Karczmiskach<\/title>\n<meta name=\"robots\" content=\"index, follow, max-snippet:-1, max-image-preview:large, max-video-preview:-1\" \/>\n<link rel=\"canonical\" href=\"https:\/\/parafia-karczmiska.pl\/?p=410\" \/>\n<meta property=\"og:locale\" content=\"pl_PL\" \/>\n<meta property=\"og:type\" content=\"article\" \/>\n<meta property=\"og:title\" content=\"Og\u0142oszenia parafialne 28.07.2024r. - Parafia \u015bw. Wawrzy\u0144ca w Karczmiskach\" \/>\n<meta property=\"og:url\" content=\"https:\/\/parafia-karczmiska.pl\/?p=410\" \/>\n<meta property=\"og:site_name\" content=\"Parafia \u015bw. Wawrzy\u0144ca w Karczmiskach\" \/>\n<meta property=\"article:published_time\" content=\"2024-07-27T16:32:47+00:00\" \/>\n<meta property=\"article:modified_time\" content=\"2024-07-27T16:32:48+00:00\" \/>\n<meta property=\"og:image\" content=\"https:\/\/parafia-karczmiska.pl\/wp-content\/uploads\/2022\/11\/images.jpg\" \/>\n\t<meta property=\"og:image:width\" content=\"261\" \/>\n\t<meta property=\"og:image:height\" content=\"193\" \/>\n\t<meta property=\"og:image:type\" content=\"image\/jpeg\" \/>\n<meta name=\"author\" content=\"Proboszcz\" \/>\n<meta name=\"twitter:card\" content=\"summary_large_image\" \/>\n<meta name=\"twitter:label1\" content=\"Napisane przez\" \/>\n\t<meta name=\"twitter:data1\" content=\"Proboszcz\" \/>\n\t<meta name=\"twitter:label2\" content=\"Szacowany czas czytania\" \/>\n\t<meta name=\"twitter:data2\" content=\"2 minuty\" \/>\n<script type=\"application\/ld+json\" class=\"yoast-schema-graph\">{\"@context\":\"https:\/\/schema.org\",\"@graph\":[{\"@type\":\"Article\",\"@id\":\"https:\/\/parafia-karczmiska.pl\/?p=410#article\",\"isPartOf\":{\"@id\":\"https:\/\/parafia-karczmiska.pl\/?p=410\"},\"author\":{\"name\":\"Proboszcz\",\"@id\":\"https:\/\/parafia-karczmiska.pl\/#\/schema\/person\/0b15832fd643f3dac186fbf0411146ad\"},\"headline\":\"Og\u0142oszenia parafialne 28.07.2024r.\",\"datePublished\":\"2024-07-27T16:32:47+00:00\",\"dateModified\":\"2024-07-27T16:32:48+00:00\",\"mainEntityOfPage\":{\"@id\":\"https:\/\/parafia-karczmiska.pl\/?p=410\"},\"wordCount\":393,\"publisher\":{\"@id\":\"https:\/\/parafia-karczmiska.pl\/#organization\"},\"image\":{\"@id\":\"https:\/\/parafia-karczmiska.pl\/?p=410#primaryimage\"},\"thumbnailUrl\":\"https:\/\/parafia-karczmiska.pl\/wp-content\/uploads\/2022\/11\/images.jpg\",\"articleSection\":[\"Og\u0142oszenia\"],\"inLanguage\":\"pl-PL\"},{\"@type\":\"WebPage\",\"@id\":\"https:\/\/parafia-karczmiska.pl\/?p=410\",\"url\":\"https:\/\/parafia-karczmiska.pl\/?p=410\",\"name\":\"Og\u0142oszenia parafialne 28.07.2024r. - Parafia \u015bw. Wawrzy\u0144ca w Karczmiskach\",\"isPartOf\":{\"@id\":\"https:\/\/parafia-karczmiska.pl\/#website\"},\"primaryImageOfPage\":{\"@id\":\"https:\/\/parafia-karczmiska.pl\/?p=410#primaryimage\"},\"image\":{\"@id\":\"https:\/\/parafia-karczmiska.pl\/?p=410#primaryimage\"},\"thumbnailUrl\":\"https:\/\/parafia-karczmiska.pl\/wp-content\/uploads\/2022\/11\/images.jpg\",\"datePublished\":\"2024-07-27T16:32:47+00:00\",\"dateModified\":\"2024-07-27T16:32:48+00:00\",\"breadcrumb\":{\"@id\":\"https:\/\/parafia-karczmiska.pl\/?p=410#breadcrumb\"},\"inLanguage\":\"pl-PL\",\"potentialAction\":[{\"@type\":\"ReadAction\",\"target\":[\"https:\/\/parafia-karczmiska.pl\/?p=410\"]}]},{\"@type\":\"ImageObject\",\"inLanguage\":\"pl-PL\",\"@id\":\"https:\/\/parafia-karczmiska.pl\/?p=410#primaryimage\",\"url\":\"https:\/\/parafia-karczmiska.pl\/wp-content\/uploads\/2022\/11\/images.jpg\",\"contentUrl\":\"https:\/\/parafia-karczmiska.pl\/wp-content\/uploads\/2022\/11\/images.jpg\",\"width\":261,\"height\":193},{\"@type\":\"BreadcrumbList\",\"@id\":\"https:\/\/parafia-karczmiska.pl\/?p=410#breadcrumb\",\"itemListElement\":[{\"@type\":\"ListItem\",\"position\":1,\"name\":\"Strona g\u0142\u00f3wna\",\"item\":\"https:\/\/parafia-karczmiska.pl\/\"},{\"@type\":\"ListItem\",\"position\":2,\"name\":\"Og\u0142oszenia parafialne 28.07.2024r.\"}]},{\"@type\":\"WebSite\",\"@id\":\"https:\/\/parafia-karczmiska.pl\/#website\",\"url\":\"https:\/\/parafia-karczmiska.pl\/\",\"name\":\"Parafia \u015bw. Wawrzy\u0144ca w Karczmiskach\",\"description\":\"Strona Parafii w Karczmiskach\",\"publisher\":{\"@id\":\"https:\/\/parafia-karczmiska.pl\/#organization\"},\"potentialAction\":[{\"@type\":\"SearchAction\",\"target\":{\"@type\":\"EntryPoint\",\"urlTemplate\":\"https:\/\/parafia-karczmiska.pl\/?s={search_term_string}\"},\"query-input\":{\"@type\":\"PropertyValueSpecification\",\"valueRequired\":true,\"valueName\":\"search_term_string\"}}],\"inLanguage\":\"pl-PL\"},{\"@type\":\"Organization\",\"@id\":\"https:\/\/parafia-karczmiska.pl\/#organization\",\"name\":\"Parafia \u015bw. Wawrzy\u0144ca w Karczmiskach\",\"url\":\"https:\/\/parafia-karczmiska.pl\/\",\"logo\":{\"@type\":\"ImageObject\",\"inLanguage\":\"pl-PL\",\"@id\":\"https:\/\/parafia-karczmiska.pl\/#\/schema\/logo\/image\/\",\"url\":\"https:\/\/parafia-karczmiska.pl\/wp-content\/uploads\/2022\/11\/favicon.jpg\",\"contentUrl\":\"https:\/\/parafia-karczmiska.pl\/wp-content\/uploads\/2022\/11\/favicon.jpg\",\"width\":512,\"height\":512,\"caption\":\"Parafia \u015bw. Wawrzy\u0144ca w Karczmiskach\"},\"image\":{\"@id\":\"https:\/\/parafia-karczmiska.pl\/#\/schema\/logo\/image\/\"}},{\"@type\":\"Person\",\"@id\":\"https:\/\/parafia-karczmiska.pl\/#\/schema\/person\/0b15832fd643f3dac186fbf0411146ad\",\"name\":\"Proboszcz\",\"sameAs\":[\"http:\/\/parafia-karczmiska.pl\"],\"url\":\"https:\/\/parafia-karczmiska.pl\/?author=2\"}]}<\/script>\n<!-- \/ Yoast SEO plugin. -->","yoast_head_json":{"title":"Og\u0142oszenia parafialne 28.07.2024r. - Parafia \u015bw. Wawrzy\u0144ca w Karczmiskach","robots":{"index":"index","follow":"follow","max-snippet":"max-snippet:-1","max-image-preview":"max-image-preview:large","max-video-preview":"max-video-preview:-1"},"canonical":"https:\/\/parafia-karczmiska.pl\/?p=410","og_locale":"pl_PL","og_type":"article","og_title":"Og\u0142oszenia parafialne 28.07.2024r. - Parafia \u015bw. Wawrzy\u0144ca w Karczmiskach","og_url":"https:\/\/parafia-karczmiska.pl\/?p=410","og_site_name":"Parafia \u015bw. Wawrzy\u0144ca w Karczmiskach","article_published_time":"2024-07-27T16:32:47+00:00","article_modified_time":"2024-07-27T16:32:48+00:00","og_image":[{"width":261,"height":193,"url":"https:\/\/parafia-karczmiska.pl\/wp-content\/uploads\/2022\/11\/images.jpg","type":"image\/jpeg"}],"author":"Proboszcz","twitter_card":"summary_large_image","twitter_misc":{"Napisane przez":"Proboszcz","Szacowany czas czytania":"2 minuty"},"schema":{"@context":"https:\/\/schema.org","@graph":[{"@type":"Article","@id":"https:\/\/parafia-karczmiska.pl\/?p=410#article","isPartOf":{"@id":"https:\/\/parafia-karczmiska.pl\/?p=410"},"author":{"name":"Proboszcz","@id":"https:\/\/parafia-karczmiska.pl\/#\/schema\/person\/0b15832fd643f3dac186fbf0411146ad"},"headline":"Og\u0142oszenia parafialne 28.07.2024r.","datePublished":"2024-07-27T16:32:47+00:00","dateModified":"2024-07-27T16:32:48+00:00","mainEntityOfPage":{"@id":"https:\/\/parafia-karczmiska.pl\/?p=410"},"wordCount":393,"publisher":{"@id":"https:\/\/parafia-karczmiska.pl\/#organization"},"image":{"@id":"https:\/\/parafia-karczmiska.pl\/?p=410#primaryimage"},"thumbnailUrl":"https:\/\/parafia-karczmiska.pl\/wp-content\/uploads\/2022\/11\/images.jpg","articleSection":["Og\u0142oszenia"],"inLanguage":"pl-PL"},{"@type":"WebPage","@id":"https:\/\/parafia-karczmiska.pl\/?p=410","url":"https:\/\/parafia-karczmiska.pl\/?p=410","name":"Og\u0142oszenia parafialne 28.07.2024r. - Parafia \u015bw. Wawrzy\u0144ca w Karczmiskach","isPartOf":{"@id":"https:\/\/parafia-karczmiska.pl\/#website"},"primaryImageOfPage":{"@id":"https:\/\/parafia-karczmiska.pl\/?p=410#primaryimage"},"image":{"@id":"https:\/\/parafia-karczmiska.pl\/?p=410#primaryimage"},"thumbnailUrl":"https:\/\/parafia-karczmiska.pl\/wp-content\/uploads\/2022\/11\/images.jpg","datePublished":"2024-07-27T16:32:47+00:00","dateModified":"2024-07-27T16:32:48+00:00","breadcrumb":{"@id":"https:\/\/parafia-karczmiska.pl\/?p=410#breadcrumb"},"inLanguage":"pl-PL","potentialAction":[{"@type":"ReadAction","target":["https:\/\/parafia-karczmiska.pl\/?p=410"]}]},{"@type":"ImageObject","inLanguage":"pl-PL","@id":"https:\/\/parafia-karczmiska.pl\/?p=410#primaryimage","url":"https:\/\/parafia-karczmiska.pl\/wp-content\/uploads\/2022\/11\/images.jpg","contentUrl":"https:\/\/parafia-karczmiska.pl\/wp-content\/uploads\/2022\/11\/images.jpg","width":261,"height":193},{"@type":"BreadcrumbList","@id":"https:\/\/parafia-karczmiska.pl\/?p=410#breadcrumb","itemListElement":[{"@type":"ListItem","position":1,"name":"Strona g\u0142\u00f3wna","item":"https:\/\/parafia-karczmiska.pl\/"},{"@type":"ListItem","position":2,"name":"Og\u0142oszenia parafialne 28.07.2024r."}]},{"@type":"WebSite","@id":"https:\/\/parafia-karczmiska.pl\/#website","url":"https:\/\/parafia-karczmiska.pl\/","name":"Parafia \u015bw. Wawrzy\u0144ca w Karczmiskach","description":"Strona Parafii w Karczmiskach","publisher":{"@id":"https:\/\/parafia-karczmiska.pl\/#organization"},"potentialAction":[{"@type":"SearchAction","target":{"@type":"EntryPoint","urlTemplate":"https:\/\/parafia-karczmiska.pl\/?s={search_term_string}"},"query-input":{"@type":"PropertyValueSpecification","valueRequired":true,"valueName":"search_term_string"}}],"inLanguage":"pl-PL"},{"@type":"Organization","@id":"https:\/\/parafia-karczmiska.pl\/#organization","name":"Parafia \u015bw. Wawrzy\u0144ca w Karczmiskach","url":"https:\/\/parafia-karczmiska.pl\/","logo":{"@type":"ImageObject","inLanguage":"pl-PL","@id":"https:\/\/parafia-karczmiska.pl\/#\/schema\/logo\/image\/","url":"https:\/\/parafia-karczmiska.pl\/wp-content\/uploads\/2022\/11\/favicon.jpg","contentUrl":"https:\/\/parafia-karczmiska.pl\/wp-content\/uploads\/2022\/11\/favicon.jpg","width":512,"height":512,"caption":"Parafia \u015bw. Wawrzy\u0144ca w Karczmiskach"},"image":{"@id":"https:\/\/parafia-karczmiska.pl\/#\/schema\/logo\/image\/"}},{"@type":"Person","@id":"https:\/\/parafia-karczmiska.pl\/#\/schema\/person\/0b15832fd643f3dac186fbf0411146ad","name":"Proboszcz","sameAs":["http:\/\/parafia-karczmiska.pl"],"url":"https:\/\/parafia-karczmiska.pl\/?author=2"}]}},"_links":{"self":[{"href":"https:\/\/parafia-karczmiska.pl\/index.php?rest_route=\/wp\/v2\/posts\/410","targetHints":{"allow":["GET"]}}],"collection":[{"href":"https:\/\/parafia-karczmiska.pl\/index.php?rest_route=\/wp\/v2\/posts"}],"about":[{"href":"https:\/\/parafia-karczmiska.pl\/index.php?rest_route=\/wp\/v2\/types\/post"}],"author":[{"embeddable":true,"href":"https:\/\/parafia-karczmiska.pl\/index.php?rest_route=\/wp\/v2\/users\/2"}],"replies":[{"embeddable":true,"href":"https:\/\/parafia-karczmiska.pl\/index.php?rest_route=%2Fwp%2Fv2%2Fcomments&post=410"}],"version-history":[{"count":1,"href":"https:\/\/parafia-karczmiska.pl\/index.php?rest_route=\/wp\/v2\/posts\/410\/revisions"}],"predecessor-version":[{"id":411,"href":"https:\/\/parafia-karczmiska.pl\/index.php?rest_route=\/wp\/v2\/posts\/410\/revisions\/411"}],"wp:featuredmedia":[{"embeddable":true,"href":"https:\/\/parafia-karczmiska.pl\/index.php?rest_route=\/wp\/v2\/media\/48"}],"wp:attachment":[{"href":"https:\/\/parafia-karczmiska.pl\/index.php?rest_route=%2Fwp%2Fv2%2Fmedia&parent=410"}],"wp:term":[{"taxonomy":"category","embeddable":true,"href":"https:\/\/parafia-karczmiska.pl\/index.php?rest_route=%2Fwp%2Fv2%2Fcategories&post=410"},{"taxonomy":"post_tag","embeddable":true,"href":"https:\/\/parafia-karczmiska.pl\/index.php?rest_route=%2Fwp%2Fv2%2Ftags&post=410"}],"curies":[{"name":"wp","href":"https:\/\/api.w.org\/{rel}","templated":true}]}}