{"id":393,"date":"2024-06-15T11:26:15","date_gmt":"2024-06-15T09:26:15","guid":{"rendered":"https:\/\/parafia-karczmiska.pl\/?p=393"},"modified":"2024-06-15T11:26:16","modified_gmt":"2024-06-15T09:26:16","slug":"ogloszenia-parafialne-16-06-2024r","status":"publish","type":"post","link":"https:\/\/parafia-karczmiska.pl\/?p=393","title":{"rendered":"Og\u0142oszenia parafialne 16.06.2024r."},"content":{"rendered":"\n<ol class=\"wp-block-list\">\n<li>Obchodzimy dzi\u015b 11 niedziel\u0119 zwyk\u0142\u0105<\/li>\n\n\n\n<li>W tym tygodniu ko\u0144czymy rok szkolny i katechetyczny. Msze \u015bw. na zako\u0144czenie dla szko\u0142y podstawowej w czwartek o 8.30, dla O\u015brodka Szkolno-Wychowawczego w pi\u0105tek o 8.00<\/li>\n\n\n\n<li>Komunikat Ks. Arcybiskupa:\u00a0 \u00a0\u00a0\u00a0\u00a0\u00a0\u00a0\u00a0\u00a0\u00a0\u00a0\u00a0\u00a0\u00a0\u00a0\u00a0\u00a0\u00a0\u00a0\u00a0\u00a0\u00a0\u00a0\u00a0\u00a0\u00a0\u00a0\u00a0\u00a0\u00a0\u00a0\u00a0\u00a0\u00a0\u00a0\u00a0\u00a0\u00a0\u00a0\u00a0\u00a0\u00a0\u00a0\u00a0\u00a0\u00a0\u00a0\u00a0\u00a0\u00a0\u00a0\u00a0\u00a0\u00a0\u00a0\u00a0\u00a0\u00a0\u00a0\u00a0\u00a0\u00a0\u00a0\u00a0\u00a0\u00a0\u00a0\u00a0\u00a0\u00a0\u00a0\u00a0\u00a0\u00a0\u00a0\u00a0\u00a0\u00a0\u00a0\u00a0\u00a0\u00a0\u00a0\u00a0\u00a0\u00a0\u00a0\u00a0\u00a0\u00a0\u00a0\u00a0\u00a0\u00a0\u00a0\u00a0\u00a0\u00a0\u00a0\u00a0\u00a0\u00a0\u00a0\u00a0\u00a0\u00a0\u00a0\u00a0\u00a0\u00a0\u00a0\u00a0\u00a0<\/li>\n<\/ol>\n\n\n\n<p><strong>Umi\u0142owani w Chrystusie Panu \u2013 Siostry i Bracia!<\/strong>\u00a0\u00a0\u00a0\u00a0\u00a0\u00a0\u00a0\u00a0\u00a0\u00a0\u00a0\u00a0\u00a0\u00a0\u00a0\u00a0\u00a0\u00a0\u00a0\u00a0\u00a0\u00a0\u00a0\u00a0\u00a0\u00a0\u00a0\u00a0\u00a0\u00a0\u00a0\u00a0\u00a0\u00a0\u00a0\u00a0\u00a0\u00a0\u00a0\u00a0\u00a0\u00a0\u00a0\u00a0\u00a0\u00a0\u00a0\u00a0\u00a0\u00a0\u00a0\u00a0\u00a0\u00a0\u00a0\u00a0\u00a0\u00a0\u00a0\u00a0\u00a0\u00a0\u00a0\u00a0\u00a0\u00a0\u00a0\u00a0\u00a0\u00a0\u00a0\u00a0                    23 czerwca w Sanktuarium Matki Bo\u017cej K\u0119belskiej w W\u0105wolnicy odb\u0119dzie si\u0119 II Dzie\u0144 Rodzin Archidiecezji Lubelskiej. Chcemy dzi\u0119kowa\u0107 Bogu za dar sakramentu ma\u0142\u017ce\u0144stwa oraz zawierzy\u0107 mu wszystkie rodziny naszej Archidiecezji. W tym roku spotkanie odb\u0119dzie si\u0119 pod has\u0142em \u201eW g\u00f3r\u0119 serca\u201d. Wydarzenie rozpocznie si\u0119 Msz\u0105 \u015awi\u0119t\u0105 o godzinie 12.00, podczas kt\u00f3rej ma\u0142\u017conkowie odnowi\u0105 przyrzeczenia ma\u0142\u017ce\u0144skie. Po zako\u0144czonej liturgii b\u0119dzie czas na wsp\u00f3lne \u015bwi\u0119towanie na b\u0142oniach przy Sanktuarium. B\u0119dziemy mieli r\u00f3wnie\u017c okazj\u0119 wys\u0142ucha\u0107 \u015bwiadectwa ma\u0142\u017ce\u0144stw oraz wsp\u00f3lnie modli\u0107 si\u0119 przed Naj\u015bwi\u0119tszym Sakramentem. Ca\u0142o\u015b\u0107 zako\u0144czy koncert oraz rodzinny R\u00f3\u017caniec. Zach\u0119cam do uczestnictwa w tym wa\u017cnym dla rodzin naszej Archidiecezji wydarzeniu! Z modlitw\u0105 i b\u0142ogos\u0142awie\u0144stwem\u00a0<\/p>\n\n\n\n<p>&nbsp;&nbsp;&nbsp;&nbsp;&nbsp;&nbsp;&nbsp;&nbsp;&nbsp;&nbsp;&nbsp;&nbsp;&nbsp;&nbsp;&nbsp;&nbsp;&nbsp;&nbsp;&nbsp;&nbsp;&nbsp;&nbsp;&nbsp;&nbsp;&nbsp;&nbsp;&nbsp;&nbsp;&nbsp;&nbsp;&nbsp;&nbsp;&nbsp;&nbsp;&nbsp;&nbsp;&nbsp;&nbsp;&nbsp;&nbsp;&nbsp;&nbsp;&nbsp;&nbsp;&nbsp;&nbsp;&nbsp;&nbsp;&nbsp;&nbsp;&nbsp;&nbsp;&nbsp;&nbsp;&nbsp;&nbsp;&nbsp;&nbsp;&nbsp;&nbsp;&nbsp;&nbsp;&nbsp;&nbsp;&nbsp;&nbsp;&nbsp;&nbsp;&nbsp;&nbsp;&nbsp;&nbsp;&nbsp;&nbsp;&nbsp;&nbsp;&nbsp;&nbsp;&nbsp;&nbsp;&nbsp;&nbsp;&nbsp;&nbsp;&nbsp;&nbsp;&nbsp;&nbsp;&nbsp;&nbsp;&nbsp;&nbsp;&nbsp;&nbsp;&nbsp;&nbsp;&nbsp; Wasz biskup Stanis\u0142aw<\/p>\n\n\n\n<p>4. Zach\u0119cam do czytania prasy katolickiej: Niedzieli, Go\u015bcia Niedzielnego i Ma\u0142ego Go\u015bcia.<\/p>\n\n\n\n<p>5. Pom\u00f3dlmy si\u0119 za zmar\u0142ych, kt\u00f3rych rocznice \u015bmierci obchodzimy w\u00a0 tym tygodniu. W ich intencji: wieczny odpoczynek.<\/p>\n","protected":false},"excerpt":{"rendered":"<p>Umi\u0142owani w Chrystusie Panu \u2013 Siostry i Bracia!\u00a0\u00a0\u00a0\u00a0\u00a0\u00a0\u00a0\u00a0\u00a0\u00a0\u00a0\u00a0\u00a0\u00a0\u00a0\u00a0\u00a0\u00a0\u00a0\u00a0\u00a0\u00a0\u00a0\u00a0\u00a0\u00a0\u00a0\u00a0\u00a0\u00a0\u00a0\u00a0\u00a0\u00a0\u00a0\u00a0\u00a0\u00a0\u00a0\u00a0\u00a0\u00a0\u00a0\u00a0\u00a0\u00a0\u00a0\u00a0\u00a0\u00a0\u00a0\u00a0\u00a0\u00a0\u00a0\u00a0\u00a0\u00a0\u00a0\u00a0\u00a0\u00a0\u00a0\u00a0\u00a0\u00a0\u00a0\u00a0\u00a0\u00a0\u00a0\u00a0 23 czerwca w Sanktuarium Matki Bo\u017cej K\u0119belskiej w W\u0105wolnicy odb\u0119dzie si\u0119 II Dzie\u0144 Rodzin Archidiecezji Lubelskiej. Chcemy dzi\u0119kowa\u0107 Bogu za dar sakramentu ma\u0142\u017ce\u0144stwa oraz zawierzy\u0107 mu wszystkie rodziny naszej Archidiecezji. W tym roku spotkanie odb\u0119dzie si\u0119 pod has\u0142em \u201eW g\u00f3r\u0119 serca\u201d. Wydarzenie rozpocznie si\u0119 Msz\u0105 \u015awi\u0119t\u0105 o &#8230; <span class=\"more\"><a class=\"more-link\" href=\"https:\/\/parafia-karczmiska.pl\/?p=393\">[Przeczytaj wi\u0119cej&#8230;]<\/a><\/span><\/p>\n","protected":false},"author":2,"featured_media":48,"comment_status":"closed","ping_status":"closed","sticky":false,"template":"","format":"standard","meta":{"footnotes":""},"categories":[3],"tags":[],"class_list":{"0":"entry","1":"post","2":"publish","3":"author-admin-2","4":"post-393","6":"format-standard","7":"has-post-thumbnail","8":"category-ogloszenia"},"yoast_head":"<!-- This site is optimized with the Yoast SEO plugin v27.1.1 - https:\/\/yoast.com\/product\/yoast-seo-wordpress\/ -->\n<title>Og\u0142oszenia parafialne 16.06.2024r. - Parafia \u015bw. Wawrzy\u0144ca w Karczmiskach<\/title>\n<meta name=\"robots\" content=\"index, follow, max-snippet:-1, max-image-preview:large, max-video-preview:-1\" \/>\n<link rel=\"canonical\" href=\"https:\/\/parafia-karczmiska.pl\/?p=393\" \/>\n<meta property=\"og:locale\" content=\"pl_PL\" \/>\n<meta property=\"og:type\" content=\"article\" \/>\n<meta property=\"og:title\" content=\"Og\u0142oszenia parafialne 16.06.2024r. - Parafia \u015bw. Wawrzy\u0144ca w Karczmiskach\" \/>\n<meta property=\"og:description\" content=\"Umi\u0142owani w Chrystusie Panu \u2013 Siostry i Bracia!\u00a0\u00a0\u00a0\u00a0\u00a0\u00a0\u00a0\u00a0\u00a0\u00a0\u00a0\u00a0\u00a0\u00a0\u00a0\u00a0\u00a0\u00a0\u00a0\u00a0\u00a0\u00a0\u00a0\u00a0\u00a0\u00a0\u00a0\u00a0\u00a0\u00a0\u00a0\u00a0\u00a0\u00a0\u00a0\u00a0\u00a0\u00a0\u00a0\u00a0\u00a0\u00a0\u00a0\u00a0\u00a0\u00a0\u00a0\u00a0\u00a0\u00a0\u00a0\u00a0\u00a0\u00a0\u00a0\u00a0\u00a0\u00a0\u00a0\u00a0\u00a0\u00a0\u00a0\u00a0\u00a0\u00a0\u00a0\u00a0\u00a0\u00a0\u00a0\u00a0 23 czerwca w Sanktuarium Matki Bo\u017cej K\u0119belskiej w W\u0105wolnicy odb\u0119dzie si\u0119 II Dzie\u0144 Rodzin Archidiecezji Lubelskiej. Chcemy dzi\u0119kowa\u0107 Bogu za dar sakramentu ma\u0142\u017ce\u0144stwa oraz zawierzy\u0107 mu wszystkie rodziny naszej Archidiecezji. W tym roku spotkanie odb\u0119dzie si\u0119 pod has\u0142em \u201eW g\u00f3r\u0119 serca\u201d. Wydarzenie rozpocznie si\u0119 Msz\u0105 \u015awi\u0119t\u0105 o ... [Przeczytaj wi\u0119cej...]\" \/>\n<meta property=\"og:url\" content=\"https:\/\/parafia-karczmiska.pl\/?p=393\" \/>\n<meta property=\"og:site_name\" content=\"Parafia \u015bw. Wawrzy\u0144ca w Karczmiskach\" \/>\n<meta property=\"article:published_time\" content=\"2024-06-15T09:26:15+00:00\" \/>\n<meta property=\"article:modified_time\" content=\"2024-06-15T09:26:16+00:00\" \/>\n<meta property=\"og:image\" content=\"https:\/\/parafia-karczmiska.pl\/wp-content\/uploads\/2022\/11\/images.jpg\" \/>\n\t<meta property=\"og:image:width\" content=\"261\" \/>\n\t<meta property=\"og:image:height\" content=\"193\" \/>\n\t<meta property=\"og:image:type\" content=\"image\/jpeg\" \/>\n<meta name=\"author\" content=\"Proboszcz\" \/>\n<meta name=\"twitter:card\" content=\"summary_large_image\" \/>\n<meta name=\"twitter:label1\" content=\"Napisane przez\" \/>\n\t<meta name=\"twitter:data1\" content=\"Proboszcz\" \/>\n\t<meta name=\"twitter:label2\" content=\"Szacowany czas czytania\" \/>\n\t<meta name=\"twitter:data2\" content=\"2 minuty\" \/>\n<script type=\"application\/ld+json\" class=\"yoast-schema-graph\">{\"@context\":\"https:\/\/schema.org\",\"@graph\":[{\"@type\":\"Article\",\"@id\":\"https:\/\/parafia-karczmiska.pl\/?p=393#article\",\"isPartOf\":{\"@id\":\"https:\/\/parafia-karczmiska.pl\/?p=393\"},\"author\":{\"name\":\"Proboszcz\",\"@id\":\"https:\/\/parafia-karczmiska.pl\/#\/schema\/person\/0b15832fd643f3dac186fbf0411146ad\"},\"headline\":\"Og\u0142oszenia parafialne 16.06.2024r.\",\"datePublished\":\"2024-06-15T09:26:15+00:00\",\"dateModified\":\"2024-06-15T09:26:16+00:00\",\"mainEntityOfPage\":{\"@id\":\"https:\/\/parafia-karczmiska.pl\/?p=393\"},\"wordCount\":319,\"publisher\":{\"@id\":\"https:\/\/parafia-karczmiska.pl\/#organization\"},\"image\":{\"@id\":\"https:\/\/parafia-karczmiska.pl\/?p=393#primaryimage\"},\"thumbnailUrl\":\"https:\/\/parafia-karczmiska.pl\/wp-content\/uploads\/2022\/11\/images.jpg\",\"articleSection\":[\"Og\u0142oszenia\"],\"inLanguage\":\"pl-PL\"},{\"@type\":\"WebPage\",\"@id\":\"https:\/\/parafia-karczmiska.pl\/?p=393\",\"url\":\"https:\/\/parafia-karczmiska.pl\/?p=393\",\"name\":\"Og\u0142oszenia parafialne 16.06.2024r. - Parafia \u015bw. Wawrzy\u0144ca w Karczmiskach\",\"isPartOf\":{\"@id\":\"https:\/\/parafia-karczmiska.pl\/#website\"},\"primaryImageOfPage\":{\"@id\":\"https:\/\/parafia-karczmiska.pl\/?p=393#primaryimage\"},\"image\":{\"@id\":\"https:\/\/parafia-karczmiska.pl\/?p=393#primaryimage\"},\"thumbnailUrl\":\"https:\/\/parafia-karczmiska.pl\/wp-content\/uploads\/2022\/11\/images.jpg\",\"datePublished\":\"2024-06-15T09:26:15+00:00\",\"dateModified\":\"2024-06-15T09:26:16+00:00\",\"breadcrumb\":{\"@id\":\"https:\/\/parafia-karczmiska.pl\/?p=393#breadcrumb\"},\"inLanguage\":\"pl-PL\",\"potentialAction\":[{\"@type\":\"ReadAction\",\"target\":[\"https:\/\/parafia-karczmiska.pl\/?p=393\"]}]},{\"@type\":\"ImageObject\",\"inLanguage\":\"pl-PL\",\"@id\":\"https:\/\/parafia-karczmiska.pl\/?p=393#primaryimage\",\"url\":\"https:\/\/parafia-karczmiska.pl\/wp-content\/uploads\/2022\/11\/images.jpg\",\"contentUrl\":\"https:\/\/parafia-karczmiska.pl\/wp-content\/uploads\/2022\/11\/images.jpg\",\"width\":261,\"height\":193},{\"@type\":\"BreadcrumbList\",\"@id\":\"https:\/\/parafia-karczmiska.pl\/?p=393#breadcrumb\",\"itemListElement\":[{\"@type\":\"ListItem\",\"position\":1,\"name\":\"Strona g\u0142\u00f3wna\",\"item\":\"https:\/\/parafia-karczmiska.pl\/\"},{\"@type\":\"ListItem\",\"position\":2,\"name\":\"Og\u0142oszenia parafialne 16.06.2024r.\"}]},{\"@type\":\"WebSite\",\"@id\":\"https:\/\/parafia-karczmiska.pl\/#website\",\"url\":\"https:\/\/parafia-karczmiska.pl\/\",\"name\":\"Parafia \u015bw. Wawrzy\u0144ca w Karczmiskach\",\"description\":\"Strona Parafii w Karczmiskach\",\"publisher\":{\"@id\":\"https:\/\/parafia-karczmiska.pl\/#organization\"},\"potentialAction\":[{\"@type\":\"SearchAction\",\"target\":{\"@type\":\"EntryPoint\",\"urlTemplate\":\"https:\/\/parafia-karczmiska.pl\/?s={search_term_string}\"},\"query-input\":{\"@type\":\"PropertyValueSpecification\",\"valueRequired\":true,\"valueName\":\"search_term_string\"}}],\"inLanguage\":\"pl-PL\"},{\"@type\":\"Organization\",\"@id\":\"https:\/\/parafia-karczmiska.pl\/#organization\",\"name\":\"Parafia \u015bw. Wawrzy\u0144ca w Karczmiskach\",\"url\":\"https:\/\/parafia-karczmiska.pl\/\",\"logo\":{\"@type\":\"ImageObject\",\"inLanguage\":\"pl-PL\",\"@id\":\"https:\/\/parafia-karczmiska.pl\/#\/schema\/logo\/image\/\",\"url\":\"https:\/\/parafia-karczmiska.pl\/wp-content\/uploads\/2022\/11\/favicon.jpg\",\"contentUrl\":\"https:\/\/parafia-karczmiska.pl\/wp-content\/uploads\/2022\/11\/favicon.jpg\",\"width\":512,\"height\":512,\"caption\":\"Parafia \u015bw. Wawrzy\u0144ca w Karczmiskach\"},\"image\":{\"@id\":\"https:\/\/parafia-karczmiska.pl\/#\/schema\/logo\/image\/\"}},{\"@type\":\"Person\",\"@id\":\"https:\/\/parafia-karczmiska.pl\/#\/schema\/person\/0b15832fd643f3dac186fbf0411146ad\",\"name\":\"Proboszcz\",\"sameAs\":[\"http:\/\/parafia-karczmiska.pl\"],\"url\":\"https:\/\/parafia-karczmiska.pl\/?author=2\"}]}<\/script>\n<!-- \/ Yoast SEO plugin. -->","yoast_head_json":{"title":"Og\u0142oszenia parafialne 16.06.2024r. - Parafia \u015bw. Wawrzy\u0144ca w Karczmiskach","robots":{"index":"index","follow":"follow","max-snippet":"max-snippet:-1","max-image-preview":"max-image-preview:large","max-video-preview":"max-video-preview:-1"},"canonical":"https:\/\/parafia-karczmiska.pl\/?p=393","og_locale":"pl_PL","og_type":"article","og_title":"Og\u0142oszenia parafialne 16.06.2024r. - Parafia \u015bw. Wawrzy\u0144ca w Karczmiskach","og_description":"Umi\u0142owani w Chrystusie Panu \u2013 Siostry i Bracia!\u00a0\u00a0\u00a0\u00a0\u00a0\u00a0\u00a0\u00a0\u00a0\u00a0\u00a0\u00a0\u00a0\u00a0\u00a0\u00a0\u00a0\u00a0\u00a0\u00a0\u00a0\u00a0\u00a0\u00a0\u00a0\u00a0\u00a0\u00a0\u00a0\u00a0\u00a0\u00a0\u00a0\u00a0\u00a0\u00a0\u00a0\u00a0\u00a0\u00a0\u00a0\u00a0\u00a0\u00a0\u00a0\u00a0\u00a0\u00a0\u00a0\u00a0\u00a0\u00a0\u00a0\u00a0\u00a0\u00a0\u00a0\u00a0\u00a0\u00a0\u00a0\u00a0\u00a0\u00a0\u00a0\u00a0\u00a0\u00a0\u00a0\u00a0\u00a0\u00a0 23 czerwca w Sanktuarium Matki Bo\u017cej K\u0119belskiej w W\u0105wolnicy odb\u0119dzie si\u0119 II Dzie\u0144 Rodzin Archidiecezji Lubelskiej. Chcemy dzi\u0119kowa\u0107 Bogu za dar sakramentu ma\u0142\u017ce\u0144stwa oraz zawierzy\u0107 mu wszystkie rodziny naszej Archidiecezji. W tym roku spotkanie odb\u0119dzie si\u0119 pod has\u0142em \u201eW g\u00f3r\u0119 serca\u201d. Wydarzenie rozpocznie si\u0119 Msz\u0105 \u015awi\u0119t\u0105 o ... [Przeczytaj wi\u0119cej...]","og_url":"https:\/\/parafia-karczmiska.pl\/?p=393","og_site_name":"Parafia \u015bw. Wawrzy\u0144ca w Karczmiskach","article_published_time":"2024-06-15T09:26:15+00:00","article_modified_time":"2024-06-15T09:26:16+00:00","og_image":[{"width":261,"height":193,"url":"https:\/\/parafia-karczmiska.pl\/wp-content\/uploads\/2022\/11\/images.jpg","type":"image\/jpeg"}],"author":"Proboszcz","twitter_card":"summary_large_image","twitter_misc":{"Napisane przez":"Proboszcz","Szacowany czas czytania":"2 minuty"},"schema":{"@context":"https:\/\/schema.org","@graph":[{"@type":"Article","@id":"https:\/\/parafia-karczmiska.pl\/?p=393#article","isPartOf":{"@id":"https:\/\/parafia-karczmiska.pl\/?p=393"},"author":{"name":"Proboszcz","@id":"https:\/\/parafia-karczmiska.pl\/#\/schema\/person\/0b15832fd643f3dac186fbf0411146ad"},"headline":"Og\u0142oszenia parafialne 16.06.2024r.","datePublished":"2024-06-15T09:26:15+00:00","dateModified":"2024-06-15T09:26:16+00:00","mainEntityOfPage":{"@id":"https:\/\/parafia-karczmiska.pl\/?p=393"},"wordCount":319,"publisher":{"@id":"https:\/\/parafia-karczmiska.pl\/#organization"},"image":{"@id":"https:\/\/parafia-karczmiska.pl\/?p=393#primaryimage"},"thumbnailUrl":"https:\/\/parafia-karczmiska.pl\/wp-content\/uploads\/2022\/11\/images.jpg","articleSection":["Og\u0142oszenia"],"inLanguage":"pl-PL"},{"@type":"WebPage","@id":"https:\/\/parafia-karczmiska.pl\/?p=393","url":"https:\/\/parafia-karczmiska.pl\/?p=393","name":"Og\u0142oszenia parafialne 16.06.2024r. - Parafia \u015bw. Wawrzy\u0144ca w Karczmiskach","isPartOf":{"@id":"https:\/\/parafia-karczmiska.pl\/#website"},"primaryImageOfPage":{"@id":"https:\/\/parafia-karczmiska.pl\/?p=393#primaryimage"},"image":{"@id":"https:\/\/parafia-karczmiska.pl\/?p=393#primaryimage"},"thumbnailUrl":"https:\/\/parafia-karczmiska.pl\/wp-content\/uploads\/2022\/11\/images.jpg","datePublished":"2024-06-15T09:26:15+00:00","dateModified":"2024-06-15T09:26:16+00:00","breadcrumb":{"@id":"https:\/\/parafia-karczmiska.pl\/?p=393#breadcrumb"},"inLanguage":"pl-PL","potentialAction":[{"@type":"ReadAction","target":["https:\/\/parafia-karczmiska.pl\/?p=393"]}]},{"@type":"ImageObject","inLanguage":"pl-PL","@id":"https:\/\/parafia-karczmiska.pl\/?p=393#primaryimage","url":"https:\/\/parafia-karczmiska.pl\/wp-content\/uploads\/2022\/11\/images.jpg","contentUrl":"https:\/\/parafia-karczmiska.pl\/wp-content\/uploads\/2022\/11\/images.jpg","width":261,"height":193},{"@type":"BreadcrumbList","@id":"https:\/\/parafia-karczmiska.pl\/?p=393#breadcrumb","itemListElement":[{"@type":"ListItem","position":1,"name":"Strona g\u0142\u00f3wna","item":"https:\/\/parafia-karczmiska.pl\/"},{"@type":"ListItem","position":2,"name":"Og\u0142oszenia parafialne 16.06.2024r."}]},{"@type":"WebSite","@id":"https:\/\/parafia-karczmiska.pl\/#website","url":"https:\/\/parafia-karczmiska.pl\/","name":"Parafia \u015bw. Wawrzy\u0144ca w Karczmiskach","description":"Strona Parafii w Karczmiskach","publisher":{"@id":"https:\/\/parafia-karczmiska.pl\/#organization"},"potentialAction":[{"@type":"SearchAction","target":{"@type":"EntryPoint","urlTemplate":"https:\/\/parafia-karczmiska.pl\/?s={search_term_string}"},"query-input":{"@type":"PropertyValueSpecification","valueRequired":true,"valueName":"search_term_string"}}],"inLanguage":"pl-PL"},{"@type":"Organization","@id":"https:\/\/parafia-karczmiska.pl\/#organization","name":"Parafia \u015bw. Wawrzy\u0144ca w Karczmiskach","url":"https:\/\/parafia-karczmiska.pl\/","logo":{"@type":"ImageObject","inLanguage":"pl-PL","@id":"https:\/\/parafia-karczmiska.pl\/#\/schema\/logo\/image\/","url":"https:\/\/parafia-karczmiska.pl\/wp-content\/uploads\/2022\/11\/favicon.jpg","contentUrl":"https:\/\/parafia-karczmiska.pl\/wp-content\/uploads\/2022\/11\/favicon.jpg","width":512,"height":512,"caption":"Parafia \u015bw. Wawrzy\u0144ca w Karczmiskach"},"image":{"@id":"https:\/\/parafia-karczmiska.pl\/#\/schema\/logo\/image\/"}},{"@type":"Person","@id":"https:\/\/parafia-karczmiska.pl\/#\/schema\/person\/0b15832fd643f3dac186fbf0411146ad","name":"Proboszcz","sameAs":["http:\/\/parafia-karczmiska.pl"],"url":"https:\/\/parafia-karczmiska.pl\/?author=2"}]}},"_links":{"self":[{"href":"https:\/\/parafia-karczmiska.pl\/index.php?rest_route=\/wp\/v2\/posts\/393","targetHints":{"allow":["GET"]}}],"collection":[{"href":"https:\/\/parafia-karczmiska.pl\/index.php?rest_route=\/wp\/v2\/posts"}],"about":[{"href":"https:\/\/parafia-karczmiska.pl\/index.php?rest_route=\/wp\/v2\/types\/post"}],"author":[{"embeddable":true,"href":"https:\/\/parafia-karczmiska.pl\/index.php?rest_route=\/wp\/v2\/users\/2"}],"replies":[{"embeddable":true,"href":"https:\/\/parafia-karczmiska.pl\/index.php?rest_route=%2Fwp%2Fv2%2Fcomments&post=393"}],"version-history":[{"count":1,"href":"https:\/\/parafia-karczmiska.pl\/index.php?rest_route=\/wp\/v2\/posts\/393\/revisions"}],"predecessor-version":[{"id":394,"href":"https:\/\/parafia-karczmiska.pl\/index.php?rest_route=\/wp\/v2\/posts\/393\/revisions\/394"}],"wp:featuredmedia":[{"embeddable":true,"href":"https:\/\/parafia-karczmiska.pl\/index.php?rest_route=\/wp\/v2\/media\/48"}],"wp:attachment":[{"href":"https:\/\/parafia-karczmiska.pl\/index.php?rest_route=%2Fwp%2Fv2%2Fmedia&parent=393"}],"wp:term":[{"taxonomy":"category","embeddable":true,"href":"https:\/\/parafia-karczmiska.pl\/index.php?rest_route=%2Fwp%2Fv2%2Fcategories&post=393"},{"taxonomy":"post_tag","embeddable":true,"href":"https:\/\/parafia-karczmiska.pl\/index.php?rest_route=%2Fwp%2Fv2%2Ftags&post=393"}],"curies":[{"name":"wp","href":"https:\/\/api.w.org\/{rel}","templated":true}]}}