{"id":360,"date":"2024-03-26T09:05:42","date_gmt":"2024-03-26T08:05:42","guid":{"rendered":"https:\/\/parafia-karczmiska.pl\/?p=360"},"modified":"2024-03-26T09:05:43","modified_gmt":"2024-03-26T08:05:43","slug":"ogloszenia-parafialne-24-03-2024r","status":"publish","type":"post","link":"https:\/\/parafia-karczmiska.pl\/?p=360","title":{"rendered":"Og\u0142oszenia parafialne 24.03.2024r."},"content":{"rendered":"\n<ol class=\"wp-block-list\">\n<li>\u00a0Prze\u017cywamy Niedziel\u0119 Palmow\u0105 M\u0119ki Pa\u0144skiej<\/li>\n\n\n\n<li>S\u0105 jeszcze do nabycia baranki wielkanocne Caritas<\/li>\n\n\n\n<li>&nbsp;Rozpoczniemy Wielki Tydzie\u0144. Dzi\u015b na mszy o 11.30 procesja z palmami.<\/li>\n\n\n\n<li>W Wielki Czwartek msza wieczerzy pa\u0144skiej o 18.00. Adoracja do 21.00 zako\u0144czona Gorzkimi \u017balami<\/li>\n<\/ol>\n\n\n\n<p>        W Wielki Pi\u0105tek spotykamy si\u0119 na Drodze krzy\u017cowej o 17.00, po niej liturgia wielkopi\u0105tkowa, adoracja do 21.00 oraz Gorzkie \u017bale<\/p>\n\n\n\n<p>        W Wielk\u0105 Sobot\u0119 po\u015bwi\u0119cenie pokarm\u00f3w: w Ko\u015bciele od 9.00 do 12.00 co godzin\u0119. Chodlik 8.30, Wymys\u0142\u00f3w 9.00, Stacja 9.20, Czerwone \u0141\u0105ki 9.35, Mieczys\u0142awka 9.50, liturgia Wigilii Paschalnej rozpocznie si\u0119 o 18.00. Adoracja 8.30- 12.00 i od 17.00 do 22.00<\/p>\n\n\n\n<p>       Rezurekcja o 6.00, w Chodliku o 8.30, w ko\u015bciele o 10.00 i 11.30<\/p>\n\n\n\n<p>       W poniedzia\u0142ek wielkanocny msze w uk\u0142adzie niedzielnym, taca przeznaczona b\u0119dzie na KUL<\/p>\n\n\n\n<p>6. Pom\u00f3dlmy si\u0119 za zmar\u0142ych, kt\u00f3rych rocznice \u015bmierci obchodzimy w\u00a0 tym tygodniu. W ich intencji: wieczny odpoczynek.<\/p>\n","protected":false},"excerpt":{"rendered":"<p>W Wielki Pi\u0105tek spotykamy si\u0119 na Drodze krzy\u017cowej o 17.00, po niej liturgia wielkopi\u0105tkowa, adoracja do 21.00 oraz Gorzkie \u017bale W Wielk\u0105 Sobot\u0119 po\u015bwi\u0119cenie pokarm\u00f3w: w Ko\u015bciele od 9.00 do 12.00 co godzin\u0119. Chodlik 8.30, Wymys\u0142\u00f3w 9.00, Stacja 9.20, Czerwone \u0141\u0105ki 9.35, Mieczys\u0142awka 9.50, liturgia Wigilii Paschalnej rozpocznie si\u0119 o 18.00. Adoracja 8.30- 12.00 i &#8230; <span class=\"more\"><a class=\"more-link\" href=\"https:\/\/parafia-karczmiska.pl\/?p=360\">[Przeczytaj wi\u0119cej&#8230;]<\/a><\/span><\/p>\n","protected":false},"author":2,"featured_media":48,"comment_status":"closed","ping_status":"closed","sticky":false,"template":"","format":"standard","meta":{"footnotes":""},"categories":[3],"tags":[],"class_list":{"0":"entry","1":"post","2":"publish","3":"author-admin-2","4":"post-360","6":"format-standard","7":"has-post-thumbnail","8":"category-ogloszenia"},"yoast_head":"<!-- This site is optimized with the Yoast SEO plugin v27.1.1 - https:\/\/yoast.com\/product\/yoast-seo-wordpress\/ -->\n<title>Og\u0142oszenia parafialne 24.03.2024r. - Parafia \u015bw. Wawrzy\u0144ca w Karczmiskach<\/title>\n<meta name=\"robots\" content=\"index, follow, max-snippet:-1, max-image-preview:large, max-video-preview:-1\" \/>\n<link rel=\"canonical\" href=\"https:\/\/parafia-karczmiska.pl\/?p=360\" \/>\n<meta property=\"og:locale\" content=\"pl_PL\" \/>\n<meta property=\"og:type\" content=\"article\" \/>\n<meta property=\"og:title\" content=\"Og\u0142oszenia parafialne 24.03.2024r. - Parafia \u015bw. Wawrzy\u0144ca w Karczmiskach\" \/>\n<meta property=\"og:description\" content=\"W Wielki Pi\u0105tek spotykamy si\u0119 na Drodze krzy\u017cowej o 17.00, po niej liturgia wielkopi\u0105tkowa, adoracja do 21.00 oraz Gorzkie \u017bale W Wielk\u0105 Sobot\u0119 po\u015bwi\u0119cenie pokarm\u00f3w: w Ko\u015bciele od 9.00 do 12.00 co godzin\u0119. Chodlik 8.30, Wymys\u0142\u00f3w 9.00, Stacja 9.20, Czerwone \u0141\u0105ki 9.35, Mieczys\u0142awka 9.50, liturgia Wigilii Paschalnej rozpocznie si\u0119 o 18.00. Adoracja 8.30- 12.00 i ... [Przeczytaj wi\u0119cej...]\" \/>\n<meta property=\"og:url\" content=\"https:\/\/parafia-karczmiska.pl\/?p=360\" \/>\n<meta property=\"og:site_name\" content=\"Parafia \u015bw. Wawrzy\u0144ca w Karczmiskach\" \/>\n<meta property=\"article:published_time\" content=\"2024-03-26T08:05:42+00:00\" \/>\n<meta property=\"article:modified_time\" content=\"2024-03-26T08:05:43+00:00\" \/>\n<meta property=\"og:image\" content=\"https:\/\/parafia-karczmiska.pl\/wp-content\/uploads\/2022\/11\/images.jpg\" \/>\n\t<meta property=\"og:image:width\" content=\"261\" \/>\n\t<meta property=\"og:image:height\" content=\"193\" \/>\n\t<meta property=\"og:image:type\" content=\"image\/jpeg\" \/>\n<meta name=\"author\" content=\"Proboszcz\" \/>\n<meta name=\"twitter:card\" content=\"summary_large_image\" \/>\n<meta name=\"twitter:label1\" content=\"Napisane przez\" \/>\n\t<meta name=\"twitter:data1\" content=\"Proboszcz\" \/>\n\t<meta name=\"twitter:label2\" content=\"Szacowany czas czytania\" \/>\n\t<meta name=\"twitter:data2\" content=\"1 minuta\" \/>\n<script type=\"application\/ld+json\" class=\"yoast-schema-graph\">{\"@context\":\"https:\/\/schema.org\",\"@graph\":[{\"@type\":\"Article\",\"@id\":\"https:\/\/parafia-karczmiska.pl\/?p=360#article\",\"isPartOf\":{\"@id\":\"https:\/\/parafia-karczmiska.pl\/?p=360\"},\"author\":{\"name\":\"Proboszcz\",\"@id\":\"https:\/\/parafia-karczmiska.pl\/#\/schema\/person\/0b15832fd643f3dac186fbf0411146ad\"},\"headline\":\"Og\u0142oszenia parafialne 24.03.2024r.\",\"datePublished\":\"2024-03-26T08:05:42+00:00\",\"dateModified\":\"2024-03-26T08:05:43+00:00\",\"mainEntityOfPage\":{\"@id\":\"https:\/\/parafia-karczmiska.pl\/?p=360\"},\"wordCount\":143,\"publisher\":{\"@id\":\"https:\/\/parafia-karczmiska.pl\/#organization\"},\"image\":{\"@id\":\"https:\/\/parafia-karczmiska.pl\/?p=360#primaryimage\"},\"thumbnailUrl\":\"https:\/\/parafia-karczmiska.pl\/wp-content\/uploads\/2022\/11\/images.jpg\",\"articleSection\":[\"Og\u0142oszenia\"],\"inLanguage\":\"pl-PL\"},{\"@type\":\"WebPage\",\"@id\":\"https:\/\/parafia-karczmiska.pl\/?p=360\",\"url\":\"https:\/\/parafia-karczmiska.pl\/?p=360\",\"name\":\"Og\u0142oszenia parafialne 24.03.2024r. - Parafia \u015bw. Wawrzy\u0144ca w Karczmiskach\",\"isPartOf\":{\"@id\":\"https:\/\/parafia-karczmiska.pl\/#website\"},\"primaryImageOfPage\":{\"@id\":\"https:\/\/parafia-karczmiska.pl\/?p=360#primaryimage\"},\"image\":{\"@id\":\"https:\/\/parafia-karczmiska.pl\/?p=360#primaryimage\"},\"thumbnailUrl\":\"https:\/\/parafia-karczmiska.pl\/wp-content\/uploads\/2022\/11\/images.jpg\",\"datePublished\":\"2024-03-26T08:05:42+00:00\",\"dateModified\":\"2024-03-26T08:05:43+00:00\",\"breadcrumb\":{\"@id\":\"https:\/\/parafia-karczmiska.pl\/?p=360#breadcrumb\"},\"inLanguage\":\"pl-PL\",\"potentialAction\":[{\"@type\":\"ReadAction\",\"target\":[\"https:\/\/parafia-karczmiska.pl\/?p=360\"]}]},{\"@type\":\"ImageObject\",\"inLanguage\":\"pl-PL\",\"@id\":\"https:\/\/parafia-karczmiska.pl\/?p=360#primaryimage\",\"url\":\"https:\/\/parafia-karczmiska.pl\/wp-content\/uploads\/2022\/11\/images.jpg\",\"contentUrl\":\"https:\/\/parafia-karczmiska.pl\/wp-content\/uploads\/2022\/11\/images.jpg\",\"width\":261,\"height\":193},{\"@type\":\"BreadcrumbList\",\"@id\":\"https:\/\/parafia-karczmiska.pl\/?p=360#breadcrumb\",\"itemListElement\":[{\"@type\":\"ListItem\",\"position\":1,\"name\":\"Strona g\u0142\u00f3wna\",\"item\":\"https:\/\/parafia-karczmiska.pl\/\"},{\"@type\":\"ListItem\",\"position\":2,\"name\":\"Og\u0142oszenia parafialne 24.03.2024r.\"}]},{\"@type\":\"WebSite\",\"@id\":\"https:\/\/parafia-karczmiska.pl\/#website\",\"url\":\"https:\/\/parafia-karczmiska.pl\/\",\"name\":\"Parafia \u015bw. Wawrzy\u0144ca w Karczmiskach\",\"description\":\"Strona Parafii w Karczmiskach\",\"publisher\":{\"@id\":\"https:\/\/parafia-karczmiska.pl\/#organization\"},\"potentialAction\":[{\"@type\":\"SearchAction\",\"target\":{\"@type\":\"EntryPoint\",\"urlTemplate\":\"https:\/\/parafia-karczmiska.pl\/?s={search_term_string}\"},\"query-input\":{\"@type\":\"PropertyValueSpecification\",\"valueRequired\":true,\"valueName\":\"search_term_string\"}}],\"inLanguage\":\"pl-PL\"},{\"@type\":\"Organization\",\"@id\":\"https:\/\/parafia-karczmiska.pl\/#organization\",\"name\":\"Parafia \u015bw. Wawrzy\u0144ca w Karczmiskach\",\"url\":\"https:\/\/parafia-karczmiska.pl\/\",\"logo\":{\"@type\":\"ImageObject\",\"inLanguage\":\"pl-PL\",\"@id\":\"https:\/\/parafia-karczmiska.pl\/#\/schema\/logo\/image\/\",\"url\":\"https:\/\/parafia-karczmiska.pl\/wp-content\/uploads\/2022\/11\/favicon.jpg\",\"contentUrl\":\"https:\/\/parafia-karczmiska.pl\/wp-content\/uploads\/2022\/11\/favicon.jpg\",\"width\":512,\"height\":512,\"caption\":\"Parafia \u015bw. Wawrzy\u0144ca w Karczmiskach\"},\"image\":{\"@id\":\"https:\/\/parafia-karczmiska.pl\/#\/schema\/logo\/image\/\"}},{\"@type\":\"Person\",\"@id\":\"https:\/\/parafia-karczmiska.pl\/#\/schema\/person\/0b15832fd643f3dac186fbf0411146ad\",\"name\":\"Proboszcz\",\"sameAs\":[\"http:\/\/parafia-karczmiska.pl\"],\"url\":\"https:\/\/parafia-karczmiska.pl\/?author=2\"}]}<\/script>\n<!-- \/ Yoast SEO plugin. -->","yoast_head_json":{"title":"Og\u0142oszenia parafialne 24.03.2024r. - Parafia \u015bw. Wawrzy\u0144ca w Karczmiskach","robots":{"index":"index","follow":"follow","max-snippet":"max-snippet:-1","max-image-preview":"max-image-preview:large","max-video-preview":"max-video-preview:-1"},"canonical":"https:\/\/parafia-karczmiska.pl\/?p=360","og_locale":"pl_PL","og_type":"article","og_title":"Og\u0142oszenia parafialne 24.03.2024r. - Parafia \u015bw. Wawrzy\u0144ca w Karczmiskach","og_description":"W Wielki Pi\u0105tek spotykamy si\u0119 na Drodze krzy\u017cowej o 17.00, po niej liturgia wielkopi\u0105tkowa, adoracja do 21.00 oraz Gorzkie \u017bale W Wielk\u0105 Sobot\u0119 po\u015bwi\u0119cenie pokarm\u00f3w: w Ko\u015bciele od 9.00 do 12.00 co godzin\u0119. Chodlik 8.30, Wymys\u0142\u00f3w 9.00, Stacja 9.20, Czerwone \u0141\u0105ki 9.35, Mieczys\u0142awka 9.50, liturgia Wigilii Paschalnej rozpocznie si\u0119 o 18.00. Adoracja 8.30- 12.00 i ... [Przeczytaj wi\u0119cej...]","og_url":"https:\/\/parafia-karczmiska.pl\/?p=360","og_site_name":"Parafia \u015bw. Wawrzy\u0144ca w Karczmiskach","article_published_time":"2024-03-26T08:05:42+00:00","article_modified_time":"2024-03-26T08:05:43+00:00","og_image":[{"width":261,"height":193,"url":"https:\/\/parafia-karczmiska.pl\/wp-content\/uploads\/2022\/11\/images.jpg","type":"image\/jpeg"}],"author":"Proboszcz","twitter_card":"summary_large_image","twitter_misc":{"Napisane przez":"Proboszcz","Szacowany czas czytania":"1 minuta"},"schema":{"@context":"https:\/\/schema.org","@graph":[{"@type":"Article","@id":"https:\/\/parafia-karczmiska.pl\/?p=360#article","isPartOf":{"@id":"https:\/\/parafia-karczmiska.pl\/?p=360"},"author":{"name":"Proboszcz","@id":"https:\/\/parafia-karczmiska.pl\/#\/schema\/person\/0b15832fd643f3dac186fbf0411146ad"},"headline":"Og\u0142oszenia parafialne 24.03.2024r.","datePublished":"2024-03-26T08:05:42+00:00","dateModified":"2024-03-26T08:05:43+00:00","mainEntityOfPage":{"@id":"https:\/\/parafia-karczmiska.pl\/?p=360"},"wordCount":143,"publisher":{"@id":"https:\/\/parafia-karczmiska.pl\/#organization"},"image":{"@id":"https:\/\/parafia-karczmiska.pl\/?p=360#primaryimage"},"thumbnailUrl":"https:\/\/parafia-karczmiska.pl\/wp-content\/uploads\/2022\/11\/images.jpg","articleSection":["Og\u0142oszenia"],"inLanguage":"pl-PL"},{"@type":"WebPage","@id":"https:\/\/parafia-karczmiska.pl\/?p=360","url":"https:\/\/parafia-karczmiska.pl\/?p=360","name":"Og\u0142oszenia parafialne 24.03.2024r. - Parafia \u015bw. Wawrzy\u0144ca w Karczmiskach","isPartOf":{"@id":"https:\/\/parafia-karczmiska.pl\/#website"},"primaryImageOfPage":{"@id":"https:\/\/parafia-karczmiska.pl\/?p=360#primaryimage"},"image":{"@id":"https:\/\/parafia-karczmiska.pl\/?p=360#primaryimage"},"thumbnailUrl":"https:\/\/parafia-karczmiska.pl\/wp-content\/uploads\/2022\/11\/images.jpg","datePublished":"2024-03-26T08:05:42+00:00","dateModified":"2024-03-26T08:05:43+00:00","breadcrumb":{"@id":"https:\/\/parafia-karczmiska.pl\/?p=360#breadcrumb"},"inLanguage":"pl-PL","potentialAction":[{"@type":"ReadAction","target":["https:\/\/parafia-karczmiska.pl\/?p=360"]}]},{"@type":"ImageObject","inLanguage":"pl-PL","@id":"https:\/\/parafia-karczmiska.pl\/?p=360#primaryimage","url":"https:\/\/parafia-karczmiska.pl\/wp-content\/uploads\/2022\/11\/images.jpg","contentUrl":"https:\/\/parafia-karczmiska.pl\/wp-content\/uploads\/2022\/11\/images.jpg","width":261,"height":193},{"@type":"BreadcrumbList","@id":"https:\/\/parafia-karczmiska.pl\/?p=360#breadcrumb","itemListElement":[{"@type":"ListItem","position":1,"name":"Strona g\u0142\u00f3wna","item":"https:\/\/parafia-karczmiska.pl\/"},{"@type":"ListItem","position":2,"name":"Og\u0142oszenia parafialne 24.03.2024r."}]},{"@type":"WebSite","@id":"https:\/\/parafia-karczmiska.pl\/#website","url":"https:\/\/parafia-karczmiska.pl\/","name":"Parafia \u015bw. Wawrzy\u0144ca w Karczmiskach","description":"Strona Parafii w Karczmiskach","publisher":{"@id":"https:\/\/parafia-karczmiska.pl\/#organization"},"potentialAction":[{"@type":"SearchAction","target":{"@type":"EntryPoint","urlTemplate":"https:\/\/parafia-karczmiska.pl\/?s={search_term_string}"},"query-input":{"@type":"PropertyValueSpecification","valueRequired":true,"valueName":"search_term_string"}}],"inLanguage":"pl-PL"},{"@type":"Organization","@id":"https:\/\/parafia-karczmiska.pl\/#organization","name":"Parafia \u015bw. Wawrzy\u0144ca w Karczmiskach","url":"https:\/\/parafia-karczmiska.pl\/","logo":{"@type":"ImageObject","inLanguage":"pl-PL","@id":"https:\/\/parafia-karczmiska.pl\/#\/schema\/logo\/image\/","url":"https:\/\/parafia-karczmiska.pl\/wp-content\/uploads\/2022\/11\/favicon.jpg","contentUrl":"https:\/\/parafia-karczmiska.pl\/wp-content\/uploads\/2022\/11\/favicon.jpg","width":512,"height":512,"caption":"Parafia \u015bw. Wawrzy\u0144ca w Karczmiskach"},"image":{"@id":"https:\/\/parafia-karczmiska.pl\/#\/schema\/logo\/image\/"}},{"@type":"Person","@id":"https:\/\/parafia-karczmiska.pl\/#\/schema\/person\/0b15832fd643f3dac186fbf0411146ad","name":"Proboszcz","sameAs":["http:\/\/parafia-karczmiska.pl"],"url":"https:\/\/parafia-karczmiska.pl\/?author=2"}]}},"_links":{"self":[{"href":"https:\/\/parafia-karczmiska.pl\/index.php?rest_route=\/wp\/v2\/posts\/360","targetHints":{"allow":["GET"]}}],"collection":[{"href":"https:\/\/parafia-karczmiska.pl\/index.php?rest_route=\/wp\/v2\/posts"}],"about":[{"href":"https:\/\/parafia-karczmiska.pl\/index.php?rest_route=\/wp\/v2\/types\/post"}],"author":[{"embeddable":true,"href":"https:\/\/parafia-karczmiska.pl\/index.php?rest_route=\/wp\/v2\/users\/2"}],"replies":[{"embeddable":true,"href":"https:\/\/parafia-karczmiska.pl\/index.php?rest_route=%2Fwp%2Fv2%2Fcomments&post=360"}],"version-history":[{"count":1,"href":"https:\/\/parafia-karczmiska.pl\/index.php?rest_route=\/wp\/v2\/posts\/360\/revisions"}],"predecessor-version":[{"id":361,"href":"https:\/\/parafia-karczmiska.pl\/index.php?rest_route=\/wp\/v2\/posts\/360\/revisions\/361"}],"wp:featuredmedia":[{"embeddable":true,"href":"https:\/\/parafia-karczmiska.pl\/index.php?rest_route=\/wp\/v2\/media\/48"}],"wp:attachment":[{"href":"https:\/\/parafia-karczmiska.pl\/index.php?rest_route=%2Fwp%2Fv2%2Fmedia&parent=360"}],"wp:term":[{"taxonomy":"category","embeddable":true,"href":"https:\/\/parafia-karczmiska.pl\/index.php?rest_route=%2Fwp%2Fv2%2Fcategories&post=360"},{"taxonomy":"post_tag","embeddable":true,"href":"https:\/\/parafia-karczmiska.pl\/index.php?rest_route=%2Fwp%2Fv2%2Ftags&post=360"}],"curies":[{"name":"wp","href":"https:\/\/api.w.org\/{rel}","templated":true}]}}