{"id":256,"date":"2023-06-10T10:18:55","date_gmt":"2023-06-10T08:18:55","guid":{"rendered":"https:\/\/parafia-karczmiska.pl\/?p=256"},"modified":"2023-06-10T10:18:56","modified_gmt":"2023-06-10T08:18:56","slug":"ogloszenia-parafialne-11-06-2023","status":"publish","type":"post","link":"https:\/\/parafia-karczmiska.pl\/?p=256","title":{"rendered":"Og\u0142oszenia parafialne 11.06.2023"},"content":{"rendered":"\n<ol class=\"wp-block-list\">\n<li>Prze\u017cywamy X niedziel\u0119 zwyk\u0142\u0105.<\/li>\n\n\n\n<li>B\u00f3g zap\u0142a\u0107 za posprz\u0105tanie ko\u015bcio\u0142a przed uroczysto\u015bci\u0105 Bo\u017cego Cia\u0142a i przed niedziel\u0105, za udekorowanie \u015bwi\u0105tyni.<\/li>\n\n\n\n<li>B\u00f3g zap\u0142a\u0107 za liczn\u0105 obecno\u015b\u0107 na uroczysto\u015bci Bo\u017cego Cia\u0142a: druhom stra\u017cakom wraz z pocztami sztandarowymi, za obecno\u015b\u0107, porz\u0105dek i bezpiecze\u0144stwo na procesji, Ko\u0142om Gospody\u0144 Wiejskich za czynny udzia\u0142 w procesji oraz tak wa\u017cny element folkloru i tradycji, ko\u0142om r\u00f3\u017ca\u0144cowym, Legionowi Maryi, dzieciom rocznicowym i komunijnym i tym najmniejszym sypi\u0105cym kwiaty, s\u0142u\u017cbie liturgicznej pani katechetce za przygotowanie z dzie\u0107mi klas czwartych Liturgii S\u0142owa, budowniczym o\u0142tarzy oraz wszystkim uczestnikom.<\/li>\n\n\n\n<li>Zosta\u0142 naprawiony pomnik ks. Kurz\u0119py. Wszystkim ofiarodawcom- serdeczne B\u00f3g zap\u0142a\u0107.<\/li>\n\n\n\n<li>W czwartek oktawa Bo\u017cego Cia\u0142a. O wykonanie o\u0142tarzy wok\u00f3\u0142 ko\u015bcio\u0142a prosz\u0119: I- Chodlik, II- Wymys\u0142\u00f3w, III- mieszka\u0144c\u00f3w ul. Nadrzecznej i IV ul. Pogodnej. W oktawie po mszy o 18.00 procesja wok\u00f3\u0142 ko\u015bcio\u0142a ze \u015bpiewem litanii do Serca Pana Jezusa.<\/li>\n\n\n\n<li>Przypominam o inwentaryzacji cmentarza i segregacji \u015bmieci.<\/li>\n<\/ol>\n","protected":false},"excerpt":{"rendered":"","protected":false},"author":2,"featured_media":48,"comment_status":"closed","ping_status":"closed","sticky":false,"template":"","format":"standard","meta":{"footnotes":""},"categories":[3],"tags":[],"class_list":{"0":"entry","1":"post","2":"publish","3":"author-admin-2","4":"post-256","6":"format-standard","7":"has-post-thumbnail","8":"category-ogloszenia"},"yoast_head":"<!-- This site is optimized with the Yoast SEO plugin v27.1.1 - https:\/\/yoast.com\/product\/yoast-seo-wordpress\/ -->\n<title>Og\u0142oszenia parafialne 11.06.2023 - Parafia \u015bw. Wawrzy\u0144ca w Karczmiskach<\/title>\n<meta name=\"robots\" content=\"index, follow, max-snippet:-1, max-image-preview:large, max-video-preview:-1\" \/>\n<link rel=\"canonical\" href=\"https:\/\/parafia-karczmiska.pl\/?p=256\" \/>\n<meta property=\"og:locale\" content=\"pl_PL\" \/>\n<meta property=\"og:type\" content=\"article\" \/>\n<meta property=\"og:title\" content=\"Og\u0142oszenia parafialne 11.06.2023 - Parafia \u015bw. Wawrzy\u0144ca w Karczmiskach\" \/>\n<meta property=\"og:url\" content=\"https:\/\/parafia-karczmiska.pl\/?p=256\" \/>\n<meta property=\"og:site_name\" content=\"Parafia \u015bw. Wawrzy\u0144ca w Karczmiskach\" \/>\n<meta property=\"article:published_time\" content=\"2023-06-10T08:18:55+00:00\" \/>\n<meta property=\"article:modified_time\" content=\"2023-06-10T08:18:56+00:00\" \/>\n<meta property=\"og:image\" content=\"https:\/\/parafia-karczmiska.pl\/wp-content\/uploads\/2022\/11\/images.jpg\" \/>\n\t<meta property=\"og:image:width\" content=\"261\" \/>\n\t<meta property=\"og:image:height\" content=\"193\" \/>\n\t<meta property=\"og:image:type\" content=\"image\/jpeg\" \/>\n<meta name=\"author\" content=\"Proboszcz\" \/>\n<meta name=\"twitter:card\" content=\"summary_large_image\" \/>\n<meta name=\"twitter:label1\" content=\"Napisane przez\" \/>\n\t<meta name=\"twitter:data1\" content=\"Proboszcz\" \/>\n\t<meta name=\"twitter:label2\" content=\"Szacowany czas czytania\" \/>\n\t<meta name=\"twitter:data2\" content=\"1 minuta\" \/>\n<script type=\"application\/ld+json\" class=\"yoast-schema-graph\">{\"@context\":\"https:\/\/schema.org\",\"@graph\":[{\"@type\":\"Article\",\"@id\":\"https:\/\/parafia-karczmiska.pl\/?p=256#article\",\"isPartOf\":{\"@id\":\"https:\/\/parafia-karczmiska.pl\/?p=256\"},\"author\":{\"name\":\"Proboszcz\",\"@id\":\"https:\/\/parafia-karczmiska.pl\/#\/schema\/person\/0b15832fd643f3dac186fbf0411146ad\"},\"headline\":\"Og\u0142oszenia parafialne 11.06.2023\",\"datePublished\":\"2023-06-10T08:18:55+00:00\",\"dateModified\":\"2023-06-10T08:18:56+00:00\",\"mainEntityOfPage\":{\"@id\":\"https:\/\/parafia-karczmiska.pl\/?p=256\"},\"wordCount\":186,\"publisher\":{\"@id\":\"https:\/\/parafia-karczmiska.pl\/#organization\"},\"image\":{\"@id\":\"https:\/\/parafia-karczmiska.pl\/?p=256#primaryimage\"},\"thumbnailUrl\":\"https:\/\/parafia-karczmiska.pl\/wp-content\/uploads\/2022\/11\/images.jpg\",\"articleSection\":[\"Og\u0142oszenia\"],\"inLanguage\":\"pl-PL\"},{\"@type\":\"WebPage\",\"@id\":\"https:\/\/parafia-karczmiska.pl\/?p=256\",\"url\":\"https:\/\/parafia-karczmiska.pl\/?p=256\",\"name\":\"Og\u0142oszenia parafialne 11.06.2023 - Parafia \u015bw. Wawrzy\u0144ca w Karczmiskach\",\"isPartOf\":{\"@id\":\"https:\/\/parafia-karczmiska.pl\/#website\"},\"primaryImageOfPage\":{\"@id\":\"https:\/\/parafia-karczmiska.pl\/?p=256#primaryimage\"},\"image\":{\"@id\":\"https:\/\/parafia-karczmiska.pl\/?p=256#primaryimage\"},\"thumbnailUrl\":\"https:\/\/parafia-karczmiska.pl\/wp-content\/uploads\/2022\/11\/images.jpg\",\"datePublished\":\"2023-06-10T08:18:55+00:00\",\"dateModified\":\"2023-06-10T08:18:56+00:00\",\"breadcrumb\":{\"@id\":\"https:\/\/parafia-karczmiska.pl\/?p=256#breadcrumb\"},\"inLanguage\":\"pl-PL\",\"potentialAction\":[{\"@type\":\"ReadAction\",\"target\":[\"https:\/\/parafia-karczmiska.pl\/?p=256\"]}]},{\"@type\":\"ImageObject\",\"inLanguage\":\"pl-PL\",\"@id\":\"https:\/\/parafia-karczmiska.pl\/?p=256#primaryimage\",\"url\":\"https:\/\/parafia-karczmiska.pl\/wp-content\/uploads\/2022\/11\/images.jpg\",\"contentUrl\":\"https:\/\/parafia-karczmiska.pl\/wp-content\/uploads\/2022\/11\/images.jpg\",\"width\":261,\"height\":193},{\"@type\":\"BreadcrumbList\",\"@id\":\"https:\/\/parafia-karczmiska.pl\/?p=256#breadcrumb\",\"itemListElement\":[{\"@type\":\"ListItem\",\"position\":1,\"name\":\"Strona g\u0142\u00f3wna\",\"item\":\"https:\/\/parafia-karczmiska.pl\/\"},{\"@type\":\"ListItem\",\"position\":2,\"name\":\"Og\u0142oszenia parafialne 11.06.2023\"}]},{\"@type\":\"WebSite\",\"@id\":\"https:\/\/parafia-karczmiska.pl\/#website\",\"url\":\"https:\/\/parafia-karczmiska.pl\/\",\"name\":\"Parafia \u015bw. Wawrzy\u0144ca w Karczmiskach\",\"description\":\"Strona Parafii w Karczmiskach\",\"publisher\":{\"@id\":\"https:\/\/parafia-karczmiska.pl\/#organization\"},\"potentialAction\":[{\"@type\":\"SearchAction\",\"target\":{\"@type\":\"EntryPoint\",\"urlTemplate\":\"https:\/\/parafia-karczmiska.pl\/?s={search_term_string}\"},\"query-input\":{\"@type\":\"PropertyValueSpecification\",\"valueRequired\":true,\"valueName\":\"search_term_string\"}}],\"inLanguage\":\"pl-PL\"},{\"@type\":\"Organization\",\"@id\":\"https:\/\/parafia-karczmiska.pl\/#organization\",\"name\":\"Parafia \u015bw. Wawrzy\u0144ca w Karczmiskach\",\"url\":\"https:\/\/parafia-karczmiska.pl\/\",\"logo\":{\"@type\":\"ImageObject\",\"inLanguage\":\"pl-PL\",\"@id\":\"https:\/\/parafia-karczmiska.pl\/#\/schema\/logo\/image\/\",\"url\":\"https:\/\/parafia-karczmiska.pl\/wp-content\/uploads\/2022\/11\/favicon.jpg\",\"contentUrl\":\"https:\/\/parafia-karczmiska.pl\/wp-content\/uploads\/2022\/11\/favicon.jpg\",\"width\":512,\"height\":512,\"caption\":\"Parafia \u015bw. Wawrzy\u0144ca w Karczmiskach\"},\"image\":{\"@id\":\"https:\/\/parafia-karczmiska.pl\/#\/schema\/logo\/image\/\"}},{\"@type\":\"Person\",\"@id\":\"https:\/\/parafia-karczmiska.pl\/#\/schema\/person\/0b15832fd643f3dac186fbf0411146ad\",\"name\":\"Proboszcz\",\"sameAs\":[\"http:\/\/parafia-karczmiska.pl\"],\"url\":\"https:\/\/parafia-karczmiska.pl\/?author=2\"}]}<\/script>\n<!-- \/ Yoast SEO plugin. -->","yoast_head_json":{"title":"Og\u0142oszenia parafialne 11.06.2023 - Parafia \u015bw. Wawrzy\u0144ca w Karczmiskach","robots":{"index":"index","follow":"follow","max-snippet":"max-snippet:-1","max-image-preview":"max-image-preview:large","max-video-preview":"max-video-preview:-1"},"canonical":"https:\/\/parafia-karczmiska.pl\/?p=256","og_locale":"pl_PL","og_type":"article","og_title":"Og\u0142oszenia parafialne 11.06.2023 - Parafia \u015bw. Wawrzy\u0144ca w Karczmiskach","og_url":"https:\/\/parafia-karczmiska.pl\/?p=256","og_site_name":"Parafia \u015bw. Wawrzy\u0144ca w Karczmiskach","article_published_time":"2023-06-10T08:18:55+00:00","article_modified_time":"2023-06-10T08:18:56+00:00","og_image":[{"width":261,"height":193,"url":"https:\/\/parafia-karczmiska.pl\/wp-content\/uploads\/2022\/11\/images.jpg","type":"image\/jpeg"}],"author":"Proboszcz","twitter_card":"summary_large_image","twitter_misc":{"Napisane przez":"Proboszcz","Szacowany czas czytania":"1 minuta"},"schema":{"@context":"https:\/\/schema.org","@graph":[{"@type":"Article","@id":"https:\/\/parafia-karczmiska.pl\/?p=256#article","isPartOf":{"@id":"https:\/\/parafia-karczmiska.pl\/?p=256"},"author":{"name":"Proboszcz","@id":"https:\/\/parafia-karczmiska.pl\/#\/schema\/person\/0b15832fd643f3dac186fbf0411146ad"},"headline":"Og\u0142oszenia parafialne 11.06.2023","datePublished":"2023-06-10T08:18:55+00:00","dateModified":"2023-06-10T08:18:56+00:00","mainEntityOfPage":{"@id":"https:\/\/parafia-karczmiska.pl\/?p=256"},"wordCount":186,"publisher":{"@id":"https:\/\/parafia-karczmiska.pl\/#organization"},"image":{"@id":"https:\/\/parafia-karczmiska.pl\/?p=256#primaryimage"},"thumbnailUrl":"https:\/\/parafia-karczmiska.pl\/wp-content\/uploads\/2022\/11\/images.jpg","articleSection":["Og\u0142oszenia"],"inLanguage":"pl-PL"},{"@type":"WebPage","@id":"https:\/\/parafia-karczmiska.pl\/?p=256","url":"https:\/\/parafia-karczmiska.pl\/?p=256","name":"Og\u0142oszenia parafialne 11.06.2023 - Parafia \u015bw. Wawrzy\u0144ca w Karczmiskach","isPartOf":{"@id":"https:\/\/parafia-karczmiska.pl\/#website"},"primaryImageOfPage":{"@id":"https:\/\/parafia-karczmiska.pl\/?p=256#primaryimage"},"image":{"@id":"https:\/\/parafia-karczmiska.pl\/?p=256#primaryimage"},"thumbnailUrl":"https:\/\/parafia-karczmiska.pl\/wp-content\/uploads\/2022\/11\/images.jpg","datePublished":"2023-06-10T08:18:55+00:00","dateModified":"2023-06-10T08:18:56+00:00","breadcrumb":{"@id":"https:\/\/parafia-karczmiska.pl\/?p=256#breadcrumb"},"inLanguage":"pl-PL","potentialAction":[{"@type":"ReadAction","target":["https:\/\/parafia-karczmiska.pl\/?p=256"]}]},{"@type":"ImageObject","inLanguage":"pl-PL","@id":"https:\/\/parafia-karczmiska.pl\/?p=256#primaryimage","url":"https:\/\/parafia-karczmiska.pl\/wp-content\/uploads\/2022\/11\/images.jpg","contentUrl":"https:\/\/parafia-karczmiska.pl\/wp-content\/uploads\/2022\/11\/images.jpg","width":261,"height":193},{"@type":"BreadcrumbList","@id":"https:\/\/parafia-karczmiska.pl\/?p=256#breadcrumb","itemListElement":[{"@type":"ListItem","position":1,"name":"Strona g\u0142\u00f3wna","item":"https:\/\/parafia-karczmiska.pl\/"},{"@type":"ListItem","position":2,"name":"Og\u0142oszenia parafialne 11.06.2023"}]},{"@type":"WebSite","@id":"https:\/\/parafia-karczmiska.pl\/#website","url":"https:\/\/parafia-karczmiska.pl\/","name":"Parafia \u015bw. Wawrzy\u0144ca w Karczmiskach","description":"Strona Parafii w Karczmiskach","publisher":{"@id":"https:\/\/parafia-karczmiska.pl\/#organization"},"potentialAction":[{"@type":"SearchAction","target":{"@type":"EntryPoint","urlTemplate":"https:\/\/parafia-karczmiska.pl\/?s={search_term_string}"},"query-input":{"@type":"PropertyValueSpecification","valueRequired":true,"valueName":"search_term_string"}}],"inLanguage":"pl-PL"},{"@type":"Organization","@id":"https:\/\/parafia-karczmiska.pl\/#organization","name":"Parafia \u015bw. Wawrzy\u0144ca w Karczmiskach","url":"https:\/\/parafia-karczmiska.pl\/","logo":{"@type":"ImageObject","inLanguage":"pl-PL","@id":"https:\/\/parafia-karczmiska.pl\/#\/schema\/logo\/image\/","url":"https:\/\/parafia-karczmiska.pl\/wp-content\/uploads\/2022\/11\/favicon.jpg","contentUrl":"https:\/\/parafia-karczmiska.pl\/wp-content\/uploads\/2022\/11\/favicon.jpg","width":512,"height":512,"caption":"Parafia \u015bw. Wawrzy\u0144ca w Karczmiskach"},"image":{"@id":"https:\/\/parafia-karczmiska.pl\/#\/schema\/logo\/image\/"}},{"@type":"Person","@id":"https:\/\/parafia-karczmiska.pl\/#\/schema\/person\/0b15832fd643f3dac186fbf0411146ad","name":"Proboszcz","sameAs":["http:\/\/parafia-karczmiska.pl"],"url":"https:\/\/parafia-karczmiska.pl\/?author=2"}]}},"_links":{"self":[{"href":"https:\/\/parafia-karczmiska.pl\/index.php?rest_route=\/wp\/v2\/posts\/256","targetHints":{"allow":["GET"]}}],"collection":[{"href":"https:\/\/parafia-karczmiska.pl\/index.php?rest_route=\/wp\/v2\/posts"}],"about":[{"href":"https:\/\/parafia-karczmiska.pl\/index.php?rest_route=\/wp\/v2\/types\/post"}],"author":[{"embeddable":true,"href":"https:\/\/parafia-karczmiska.pl\/index.php?rest_route=\/wp\/v2\/users\/2"}],"replies":[{"embeddable":true,"href":"https:\/\/parafia-karczmiska.pl\/index.php?rest_route=%2Fwp%2Fv2%2Fcomments&post=256"}],"version-history":[{"count":1,"href":"https:\/\/parafia-karczmiska.pl\/index.php?rest_route=\/wp\/v2\/posts\/256\/revisions"}],"predecessor-version":[{"id":257,"href":"https:\/\/parafia-karczmiska.pl\/index.php?rest_route=\/wp\/v2\/posts\/256\/revisions\/257"}],"wp:featuredmedia":[{"embeddable":true,"href":"https:\/\/parafia-karczmiska.pl\/index.php?rest_route=\/wp\/v2\/media\/48"}],"wp:attachment":[{"href":"https:\/\/parafia-karczmiska.pl\/index.php?rest_route=%2Fwp%2Fv2%2Fmedia&parent=256"}],"wp:term":[{"taxonomy":"category","embeddable":true,"href":"https:\/\/parafia-karczmiska.pl\/index.php?rest_route=%2Fwp%2Fv2%2Fcategories&post=256"},{"taxonomy":"post_tag","embeddable":true,"href":"https:\/\/parafia-karczmiska.pl\/index.php?rest_route=%2Fwp%2Fv2%2Ftags&post=256"}],"curies":[{"name":"wp","href":"https:\/\/api.w.org\/{rel}","templated":true}]}}