{"id":216,"date":"2023-05-10T12:30:42","date_gmt":"2023-05-10T10:30:42","guid":{"rendered":"https:\/\/parafia-karczmiska.pl\/?p=216"},"modified":"2023-05-13T16:02:56","modified_gmt":"2023-05-13T14:02:56","slug":"ogloszenia-parafialne-14-05-2023","status":"publish","type":"post","link":"https:\/\/parafia-karczmiska.pl\/?p=216","title":{"rendered":"Og\u0142oszenia parafialne 14.05.2023"},"content":{"rendered":"\n<ol class=\"wp-block-list\">\n<li>Prze\u017cywamy VI niedziel\u0119 po Wielkanocy<\/li>\n<\/ol>\n\n\n\n<p>2. Ofiary zebrane dzi\u015b na tac\u0119 przeznaczone s\u0105 na budownictwo sakralne<\/p>\n\n\n\n<p>3. Nabo\u017ce\u0144stwa majowe w dni powszednie po ostatniej mszy wieczornej, w niedziel\u0119 i \u015bwi\u0119ta po 11.30<\/p>\n\n\n\n<p>4. Za tydzie\u0144 w naszej parafii na mszy \u015bw. o 11.30 do pierwszej komunii przyst\u0105pi 34 uczni\u00f3w klas trzecich. Zach\u0119cam parafian do udzia\u0142u w liturgii niedzielnej o 7.30 i 10.00. w tym dniu maj\u00f3wka po 10.00<\/p>\n\n\n\n<p>5.Zosta\u0142a zakupiona kostka brukowa z przeznaczeniem na alejki na starym cmentarzu. po uzyskaniu koniecznych pozwole\u0144 i zakupieniu pozosta\u0142ych materia\u0142\u00f3w ruszamy z prac\u0105.<\/p>\n\n\n\n<p>6. B\u00f3g zap\u0142a\u0107 za ofiary na remont pomnika ks. Kurz\u0119py i na ko\u015bci\u00f3\u0142.<\/p>\n\n\n\n<p>7. Przypominam, \u017ce trwa inwentaryzacja cmentarzy. Prosimy o zg\u0142aszanie si\u0119 do kancelarii.<\/p>\n\n\n\n<p>8. Przypominam tak\u017ce o konieczno\u015bci segregowania \u015bmieci cmentarnych.<\/p>\n\n\n\n<p><\/p>\n","protected":false},"excerpt":{"rendered":"<p>2. Ofiary zebrane dzi\u015b na tac\u0119 przeznaczone s\u0105 na budownictwo sakralne 3. Nabo\u017ce\u0144stwa majowe w dni powszednie po ostatniej mszy wieczornej, w niedziel\u0119 i \u015bwi\u0119ta po 11.30 4. Za tydzie\u0144 w naszej parafii na mszy \u015bw. o 11.30 do pierwszej komunii przyst\u0105pi 34 uczni\u00f3w klas trzecich. Zach\u0119cam parafian do udzia\u0142u w liturgii niedzielnej o 7.30 &#8230; <span class=\"more\"><a class=\"more-link\" href=\"https:\/\/parafia-karczmiska.pl\/?p=216\">[Przeczytaj wi\u0119cej&#8230;]<\/a><\/span><\/p>\n","protected":false},"author":2,"featured_media":48,"comment_status":"closed","ping_status":"closed","sticky":false,"template":"","format":"standard","meta":{"footnotes":""},"categories":[3],"tags":[],"class_list":{"0":"entry","1":"post","2":"publish","3":"author-admin-2","4":"post-216","6":"format-standard","7":"has-post-thumbnail","8":"category-ogloszenia"},"yoast_head":"<!-- This site is optimized with the Yoast SEO plugin v27.1.1 - https:\/\/yoast.com\/product\/yoast-seo-wordpress\/ -->\n<title>Og\u0142oszenia parafialne 14.05.2023 - Parafia \u015bw. Wawrzy\u0144ca w Karczmiskach<\/title>\n<meta name=\"robots\" content=\"index, follow, max-snippet:-1, max-image-preview:large, max-video-preview:-1\" \/>\n<link rel=\"canonical\" href=\"https:\/\/parafia-karczmiska.pl\/?p=216\" \/>\n<meta property=\"og:locale\" content=\"pl_PL\" \/>\n<meta property=\"og:type\" content=\"article\" \/>\n<meta property=\"og:title\" content=\"Og\u0142oszenia parafialne 14.05.2023 - Parafia \u015bw. Wawrzy\u0144ca w Karczmiskach\" \/>\n<meta property=\"og:description\" content=\"2. Ofiary zebrane dzi\u015b na tac\u0119 przeznaczone s\u0105 na budownictwo sakralne 3. Nabo\u017ce\u0144stwa majowe w dni powszednie po ostatniej mszy wieczornej, w niedziel\u0119 i \u015bwi\u0119ta po 11.30 4. Za tydzie\u0144 w naszej parafii na mszy \u015bw. o 11.30 do pierwszej komunii przyst\u0105pi 34 uczni\u00f3w klas trzecich. Zach\u0119cam parafian do udzia\u0142u w liturgii niedzielnej o 7.30 ... [Przeczytaj wi\u0119cej...]\" \/>\n<meta property=\"og:url\" content=\"https:\/\/parafia-karczmiska.pl\/?p=216\" \/>\n<meta property=\"og:site_name\" content=\"Parafia \u015bw. Wawrzy\u0144ca w Karczmiskach\" \/>\n<meta property=\"article:published_time\" content=\"2023-05-10T10:30:42+00:00\" \/>\n<meta property=\"article:modified_time\" content=\"2023-05-13T14:02:56+00:00\" \/>\n<meta property=\"og:image\" content=\"https:\/\/parafia-karczmiska.pl\/wp-content\/uploads\/2022\/11\/images.jpg\" \/>\n\t<meta property=\"og:image:width\" content=\"261\" \/>\n\t<meta property=\"og:image:height\" content=\"193\" \/>\n\t<meta property=\"og:image:type\" content=\"image\/jpeg\" \/>\n<meta name=\"author\" content=\"Proboszcz\" \/>\n<meta name=\"twitter:card\" content=\"summary_large_image\" \/>\n<meta name=\"twitter:label1\" content=\"Napisane przez\" \/>\n\t<meta name=\"twitter:data1\" content=\"Proboszcz\" \/>\n\t<meta name=\"twitter:label2\" content=\"Szacowany czas czytania\" \/>\n\t<meta name=\"twitter:data2\" content=\"1 minuta\" \/>\n<script type=\"application\/ld+json\" class=\"yoast-schema-graph\">{\"@context\":\"https:\/\/schema.org\",\"@graph\":[{\"@type\":\"Article\",\"@id\":\"https:\/\/parafia-karczmiska.pl\/?p=216#article\",\"isPartOf\":{\"@id\":\"https:\/\/parafia-karczmiska.pl\/?p=216\"},\"author\":{\"name\":\"Proboszcz\",\"@id\":\"https:\/\/parafia-karczmiska.pl\/#\/schema\/person\/0b15832fd643f3dac186fbf0411146ad\"},\"headline\":\"Og\u0142oszenia parafialne 14.05.2023\",\"datePublished\":\"2023-05-10T10:30:42+00:00\",\"dateModified\":\"2023-05-13T14:02:56+00:00\",\"mainEntityOfPage\":{\"@id\":\"https:\/\/parafia-karczmiska.pl\/?p=216\"},\"wordCount\":133,\"publisher\":{\"@id\":\"https:\/\/parafia-karczmiska.pl\/#organization\"},\"image\":{\"@id\":\"https:\/\/parafia-karczmiska.pl\/?p=216#primaryimage\"},\"thumbnailUrl\":\"https:\/\/parafia-karczmiska.pl\/wp-content\/uploads\/2022\/11\/images.jpg\",\"articleSection\":[\"Og\u0142oszenia\"],\"inLanguage\":\"pl-PL\"},{\"@type\":\"WebPage\",\"@id\":\"https:\/\/parafia-karczmiska.pl\/?p=216\",\"url\":\"https:\/\/parafia-karczmiska.pl\/?p=216\",\"name\":\"Og\u0142oszenia parafialne 14.05.2023 - Parafia \u015bw. Wawrzy\u0144ca w Karczmiskach\",\"isPartOf\":{\"@id\":\"https:\/\/parafia-karczmiska.pl\/#website\"},\"primaryImageOfPage\":{\"@id\":\"https:\/\/parafia-karczmiska.pl\/?p=216#primaryimage\"},\"image\":{\"@id\":\"https:\/\/parafia-karczmiska.pl\/?p=216#primaryimage\"},\"thumbnailUrl\":\"https:\/\/parafia-karczmiska.pl\/wp-content\/uploads\/2022\/11\/images.jpg\",\"datePublished\":\"2023-05-10T10:30:42+00:00\",\"dateModified\":\"2023-05-13T14:02:56+00:00\",\"breadcrumb\":{\"@id\":\"https:\/\/parafia-karczmiska.pl\/?p=216#breadcrumb\"},\"inLanguage\":\"pl-PL\",\"potentialAction\":[{\"@type\":\"ReadAction\",\"target\":[\"https:\/\/parafia-karczmiska.pl\/?p=216\"]}]},{\"@type\":\"ImageObject\",\"inLanguage\":\"pl-PL\",\"@id\":\"https:\/\/parafia-karczmiska.pl\/?p=216#primaryimage\",\"url\":\"https:\/\/parafia-karczmiska.pl\/wp-content\/uploads\/2022\/11\/images.jpg\",\"contentUrl\":\"https:\/\/parafia-karczmiska.pl\/wp-content\/uploads\/2022\/11\/images.jpg\",\"width\":261,\"height\":193},{\"@type\":\"BreadcrumbList\",\"@id\":\"https:\/\/parafia-karczmiska.pl\/?p=216#breadcrumb\",\"itemListElement\":[{\"@type\":\"ListItem\",\"position\":1,\"name\":\"Strona g\u0142\u00f3wna\",\"item\":\"https:\/\/parafia-karczmiska.pl\/\"},{\"@type\":\"ListItem\",\"position\":2,\"name\":\"Og\u0142oszenia parafialne 14.05.2023\"}]},{\"@type\":\"WebSite\",\"@id\":\"https:\/\/parafia-karczmiska.pl\/#website\",\"url\":\"https:\/\/parafia-karczmiska.pl\/\",\"name\":\"Parafia \u015bw. Wawrzy\u0144ca w Karczmiskach\",\"description\":\"Strona Parafii w Karczmiskach\",\"publisher\":{\"@id\":\"https:\/\/parafia-karczmiska.pl\/#organization\"},\"potentialAction\":[{\"@type\":\"SearchAction\",\"target\":{\"@type\":\"EntryPoint\",\"urlTemplate\":\"https:\/\/parafia-karczmiska.pl\/?s={search_term_string}\"},\"query-input\":{\"@type\":\"PropertyValueSpecification\",\"valueRequired\":true,\"valueName\":\"search_term_string\"}}],\"inLanguage\":\"pl-PL\"},{\"@type\":\"Organization\",\"@id\":\"https:\/\/parafia-karczmiska.pl\/#organization\",\"name\":\"Parafia \u015bw. Wawrzy\u0144ca w Karczmiskach\",\"url\":\"https:\/\/parafia-karczmiska.pl\/\",\"logo\":{\"@type\":\"ImageObject\",\"inLanguage\":\"pl-PL\",\"@id\":\"https:\/\/parafia-karczmiska.pl\/#\/schema\/logo\/image\/\",\"url\":\"https:\/\/parafia-karczmiska.pl\/wp-content\/uploads\/2022\/11\/favicon.jpg\",\"contentUrl\":\"https:\/\/parafia-karczmiska.pl\/wp-content\/uploads\/2022\/11\/favicon.jpg\",\"width\":512,\"height\":512,\"caption\":\"Parafia \u015bw. Wawrzy\u0144ca w Karczmiskach\"},\"image\":{\"@id\":\"https:\/\/parafia-karczmiska.pl\/#\/schema\/logo\/image\/\"}},{\"@type\":\"Person\",\"@id\":\"https:\/\/parafia-karczmiska.pl\/#\/schema\/person\/0b15832fd643f3dac186fbf0411146ad\",\"name\":\"Proboszcz\",\"sameAs\":[\"http:\/\/parafia-karczmiska.pl\"],\"url\":\"https:\/\/parafia-karczmiska.pl\/?author=2\"}]}<\/script>\n<!-- \/ Yoast SEO plugin. -->","yoast_head_json":{"title":"Og\u0142oszenia parafialne 14.05.2023 - Parafia \u015bw. Wawrzy\u0144ca w Karczmiskach","robots":{"index":"index","follow":"follow","max-snippet":"max-snippet:-1","max-image-preview":"max-image-preview:large","max-video-preview":"max-video-preview:-1"},"canonical":"https:\/\/parafia-karczmiska.pl\/?p=216","og_locale":"pl_PL","og_type":"article","og_title":"Og\u0142oszenia parafialne 14.05.2023 - Parafia \u015bw. Wawrzy\u0144ca w Karczmiskach","og_description":"2. Ofiary zebrane dzi\u015b na tac\u0119 przeznaczone s\u0105 na budownictwo sakralne 3. Nabo\u017ce\u0144stwa majowe w dni powszednie po ostatniej mszy wieczornej, w niedziel\u0119 i \u015bwi\u0119ta po 11.30 4. Za tydzie\u0144 w naszej parafii na mszy \u015bw. o 11.30 do pierwszej komunii przyst\u0105pi 34 uczni\u00f3w klas trzecich. Zach\u0119cam parafian do udzia\u0142u w liturgii niedzielnej o 7.30 ... [Przeczytaj wi\u0119cej...]","og_url":"https:\/\/parafia-karczmiska.pl\/?p=216","og_site_name":"Parafia \u015bw. Wawrzy\u0144ca w Karczmiskach","article_published_time":"2023-05-10T10:30:42+00:00","article_modified_time":"2023-05-13T14:02:56+00:00","og_image":[{"width":261,"height":193,"url":"https:\/\/parafia-karczmiska.pl\/wp-content\/uploads\/2022\/11\/images.jpg","type":"image\/jpeg"}],"author":"Proboszcz","twitter_card":"summary_large_image","twitter_misc":{"Napisane przez":"Proboszcz","Szacowany czas czytania":"1 minuta"},"schema":{"@context":"https:\/\/schema.org","@graph":[{"@type":"Article","@id":"https:\/\/parafia-karczmiska.pl\/?p=216#article","isPartOf":{"@id":"https:\/\/parafia-karczmiska.pl\/?p=216"},"author":{"name":"Proboszcz","@id":"https:\/\/parafia-karczmiska.pl\/#\/schema\/person\/0b15832fd643f3dac186fbf0411146ad"},"headline":"Og\u0142oszenia parafialne 14.05.2023","datePublished":"2023-05-10T10:30:42+00:00","dateModified":"2023-05-13T14:02:56+00:00","mainEntityOfPage":{"@id":"https:\/\/parafia-karczmiska.pl\/?p=216"},"wordCount":133,"publisher":{"@id":"https:\/\/parafia-karczmiska.pl\/#organization"},"image":{"@id":"https:\/\/parafia-karczmiska.pl\/?p=216#primaryimage"},"thumbnailUrl":"https:\/\/parafia-karczmiska.pl\/wp-content\/uploads\/2022\/11\/images.jpg","articleSection":["Og\u0142oszenia"],"inLanguage":"pl-PL"},{"@type":"WebPage","@id":"https:\/\/parafia-karczmiska.pl\/?p=216","url":"https:\/\/parafia-karczmiska.pl\/?p=216","name":"Og\u0142oszenia parafialne 14.05.2023 - Parafia \u015bw. Wawrzy\u0144ca w Karczmiskach","isPartOf":{"@id":"https:\/\/parafia-karczmiska.pl\/#website"},"primaryImageOfPage":{"@id":"https:\/\/parafia-karczmiska.pl\/?p=216#primaryimage"},"image":{"@id":"https:\/\/parafia-karczmiska.pl\/?p=216#primaryimage"},"thumbnailUrl":"https:\/\/parafia-karczmiska.pl\/wp-content\/uploads\/2022\/11\/images.jpg","datePublished":"2023-05-10T10:30:42+00:00","dateModified":"2023-05-13T14:02:56+00:00","breadcrumb":{"@id":"https:\/\/parafia-karczmiska.pl\/?p=216#breadcrumb"},"inLanguage":"pl-PL","potentialAction":[{"@type":"ReadAction","target":["https:\/\/parafia-karczmiska.pl\/?p=216"]}]},{"@type":"ImageObject","inLanguage":"pl-PL","@id":"https:\/\/parafia-karczmiska.pl\/?p=216#primaryimage","url":"https:\/\/parafia-karczmiska.pl\/wp-content\/uploads\/2022\/11\/images.jpg","contentUrl":"https:\/\/parafia-karczmiska.pl\/wp-content\/uploads\/2022\/11\/images.jpg","width":261,"height":193},{"@type":"BreadcrumbList","@id":"https:\/\/parafia-karczmiska.pl\/?p=216#breadcrumb","itemListElement":[{"@type":"ListItem","position":1,"name":"Strona g\u0142\u00f3wna","item":"https:\/\/parafia-karczmiska.pl\/"},{"@type":"ListItem","position":2,"name":"Og\u0142oszenia parafialne 14.05.2023"}]},{"@type":"WebSite","@id":"https:\/\/parafia-karczmiska.pl\/#website","url":"https:\/\/parafia-karczmiska.pl\/","name":"Parafia \u015bw. Wawrzy\u0144ca w Karczmiskach","description":"Strona Parafii w Karczmiskach","publisher":{"@id":"https:\/\/parafia-karczmiska.pl\/#organization"},"potentialAction":[{"@type":"SearchAction","target":{"@type":"EntryPoint","urlTemplate":"https:\/\/parafia-karczmiska.pl\/?s={search_term_string}"},"query-input":{"@type":"PropertyValueSpecification","valueRequired":true,"valueName":"search_term_string"}}],"inLanguage":"pl-PL"},{"@type":"Organization","@id":"https:\/\/parafia-karczmiska.pl\/#organization","name":"Parafia \u015bw. Wawrzy\u0144ca w Karczmiskach","url":"https:\/\/parafia-karczmiska.pl\/","logo":{"@type":"ImageObject","inLanguage":"pl-PL","@id":"https:\/\/parafia-karczmiska.pl\/#\/schema\/logo\/image\/","url":"https:\/\/parafia-karczmiska.pl\/wp-content\/uploads\/2022\/11\/favicon.jpg","contentUrl":"https:\/\/parafia-karczmiska.pl\/wp-content\/uploads\/2022\/11\/favicon.jpg","width":512,"height":512,"caption":"Parafia \u015bw. Wawrzy\u0144ca w Karczmiskach"},"image":{"@id":"https:\/\/parafia-karczmiska.pl\/#\/schema\/logo\/image\/"}},{"@type":"Person","@id":"https:\/\/parafia-karczmiska.pl\/#\/schema\/person\/0b15832fd643f3dac186fbf0411146ad","name":"Proboszcz","sameAs":["http:\/\/parafia-karczmiska.pl"],"url":"https:\/\/parafia-karczmiska.pl\/?author=2"}]}},"_links":{"self":[{"href":"https:\/\/parafia-karczmiska.pl\/index.php?rest_route=\/wp\/v2\/posts\/216","targetHints":{"allow":["GET"]}}],"collection":[{"href":"https:\/\/parafia-karczmiska.pl\/index.php?rest_route=\/wp\/v2\/posts"}],"about":[{"href":"https:\/\/parafia-karczmiska.pl\/index.php?rest_route=\/wp\/v2\/types\/post"}],"author":[{"embeddable":true,"href":"https:\/\/parafia-karczmiska.pl\/index.php?rest_route=\/wp\/v2\/users\/2"}],"replies":[{"embeddable":true,"href":"https:\/\/parafia-karczmiska.pl\/index.php?rest_route=%2Fwp%2Fv2%2Fcomments&post=216"}],"version-history":[{"count":9,"href":"https:\/\/parafia-karczmiska.pl\/index.php?rest_route=\/wp\/v2\/posts\/216\/revisions"}],"predecessor-version":[{"id":245,"href":"https:\/\/parafia-karczmiska.pl\/index.php?rest_route=\/wp\/v2\/posts\/216\/revisions\/245"}],"wp:featuredmedia":[{"embeddable":true,"href":"https:\/\/parafia-karczmiska.pl\/index.php?rest_route=\/wp\/v2\/media\/48"}],"wp:attachment":[{"href":"https:\/\/parafia-karczmiska.pl\/index.php?rest_route=%2Fwp%2Fv2%2Fmedia&parent=216"}],"wp:term":[{"taxonomy":"category","embeddable":true,"href":"https:\/\/parafia-karczmiska.pl\/index.php?rest_route=%2Fwp%2Fv2%2Fcategories&post=216"},{"taxonomy":"post_tag","embeddable":true,"href":"https:\/\/parafia-karczmiska.pl\/index.php?rest_route=%2Fwp%2Fv2%2Ftags&post=216"}],"curies":[{"name":"wp","href":"https:\/\/api.w.org\/{rel}","templated":true}]}}